{"id":1005,"date":"2015-05-12T09:55:27","date_gmt":"2015-05-12T07:55:27","guid":{"rendered":"http:\/\/www.muettergegenatomgefahr.at\/?p=1005"},"modified":"2015-05-12T09:55:28","modified_gmt":"2015-05-12T07:55:28","slug":"antiatom-organisationen-ooe-nuclear-energy-conference-2015-in-linz-im-zeichen-des-europaeischen-atomausstiegs","status":"publish","type":"post","link":"https:\/\/www.muettergegenatomgefahr.at\/?p=1005","title":{"rendered":"Antiatom Organisationen O\u00d6: Nuclear Energy Conference 2015 in Linz im Zeichen des europ\u00e4ischen Atomausstiegs"},"content":{"rendered":"<p><span id=\"ucPreviewMsg_lblMessage\" class=\"PreviewMsgText visualIEFloatFix\"><em>Dienstag, 19. Mai, Redoutens\u00e4le, Promenadenhof, Linz \u0096 ab 9:30 Uhr<\/em><\/p>\n<p>\u0084&#8220;Mehr als 150 Teilnehmer_innen der diesj\u00e4hrigen <a href=\"http:\/\/www.nec2015.eu\/de\/index.php\" target=\"_blank\">Nuclear Energy Conference<\/a> in Linz k\u00f6nnen sich auf hochkar\u00e4tige Expert_innen freuen, die einen Blick in eine europ\u00e4ische Zukunft ohne Atomkraft werfen werden!&#8220;\u0093, so die Organisatoren der Konferenz, die ober\u00f6sterreichischen Antiatom Organisationen atomstopp_atomkraftfrei leben, Anti Atom Komitee und M\u00fctter gegen Atomgefahr Freistadt.<\/p>\n<p>Am 19. Mai 2015 wird die Nuclear Energy Conference in den Linzer Redoutens\u00e4len auf der Promenade \u00fcber die B\u00fchne gehen wird. Teilnehmer_innen aus vielen europ\u00e4ischen L\u00e4ndern werden anreisen, um sich die elementare Frage, wie die Energiezukunft Europas ohne Atomkraft gestaltet wird, von hochkar\u00e4tigen Expert_innen aus Deutschland , England, Frankreich, Tschechien, Polen und der Schweiz aus der jeweiligen Perspektive der verschieden L\u00e4nder analysieren zu lassen.<\/p>\n<p>Die international besetzte Konferenz ist eine Folge-Veranstaltung der Nuclear Energy Conference 2014 in Prag, bei der es um die wirtschaftlichen Grenzen der Atomenergie ging.<\/p>\n<p>\u0084&#8220;Unter dem Titel: Europa ohne Atomkraft. Wie schaut die Energiezukunft Europas aus? werden wir einen utopisch\/realistischen Blick auf bereits erfolgte, auf die m\u00f6glichen und auf die n\u00f6tigen Schritte f\u00fcr einen europ\u00e4ischen Atomausstieg wagen, auf Szenarien also, die zu einer gelingenden, atomkraftfreien Energieversorgung in Europa f\u00fchren.&#8220;\u0093, so die Veranstalter der Konferenz.<\/p>\n<p>Die Informationen im Detail:<\/p>\n<p><em>Als Keynote-Speaker f\u00fcr die Konferenz konnte Franz Alt, Solarpionier, Sachbuchautor und Journalist, gewonnen werden. Er wird zum Thema \u0084Auf der Sonnenseite: Wie uns die Energiewende zu Gewinnern macht, referieren.\u00a0<\/em><\/p>\n<p><em>Landesra t Rudi Anschober wird sich angesichts der laufenden Diskussion um die Subventionierung des britischen Atomkraftwerks Hinkley Point C, seine These er\u00f6rtern: Das Ende f\u00fcr die Atomsubventionen wird den europaweiten Atomausstieg einleiten.<\/em><\/p>\n<p><em>Patricia Lorenz, langj\u00e4hrige Antiatom-Aktivistin bei GLOBAL 2000 und Friends of the Earth Europe pr\u00e4sentiert die Studie \u00842030 \u0096 Europa ohne Atomkraft\u0093.\u00a0<\/em><\/p>\n<p><em>Der Franzose Yves Marignac (WISE Paris) wird auf die Frage eingehen, wie die Atomnation Nr. 1 aus seiner atomaren Sackgasse herausfinden kann.\u00a0<\/em><\/p>\n<p><em>Der Brite Antony Froggatt (Mitautor des j\u00e4hrlichen erscheinenden World Nuclear Industry Status Reports) wird aufzeigen, ob Gro\u00dfbritannien \u00fcberhaupt neue Atomreaktoren braucht.\u00a0<\/em><\/p>\n<p><em>Der Tscheche Edvard Sequens vom Verein CALLA erl\u00e4utert die Vers\u00e4umnisse in der tschechischen Energiepolitik.\u00a0<\/em><\/p>\n<p><em>Claudia Kunz, Referentin f\u00fcr Energiewirtschaft bei der Agentur f\u00fcr Erneuerbare Energien e.V. (Berlin) zeigt, wie s ich der deutsche Atomausstieg gestalten wird und einen Blick auf die Zeit danach werfen.\u00a0<\/em><\/p>\n<p><em>Sabine von Stockar von der Schweizerischen Energiestiftung verfolgt die Vision des Schweizerischen Atomausstiegs und wird n\u00e4her darauf eingehen, welche Schritte die Schweiz politisch, rechtlich und investitionstechnisch nehmen m\u00fcsste, damit der Atomausstieg gelingt.\u00a0<\/em><\/p>\n<p><em>Dariusz Swzed aus Polen schlie\u00dflich wird sich dem Aspekt der Energiedemokratisierung in Polen widmen und politische, soziale und \u00f6konomische Aspekte n\u00e4her erl\u00e4utern.\u00a0<\/em><\/p>\n<p>Weitere Informationen:<br \/>\nRoland Egger \u0096 atomstopp_atomkraftfrei leben! \u0096 0680 23 93 019<br \/>\nGabriele Schweiger \u0096 M\u00fctter gegen Atomgefahr Freistadt \u0096 0680 33 33 625<br \/>\nManfred Doppler \u0096 Anti Atom Komitee \u0096 0664 450 50 15<br \/>\n<\/span><\/p>\n","protected":false},"excerpt":{"rendered":"<p>Dienstag, 19. Mai, Redoutens\u00e4le, Promenadenhof, Linz \u0096 ab 9:30 Uhr \u0084&#8220;Mehr als 150 Teilnehmer_innen der diesj\u00e4hrigen Nuclear Energy Conference in Linz k\u00f6nnen sich auf hochkar\u00e4tige Expert_innen freuen, die einen Blick in eine europ\u00e4ische Zukunft ohne Atomkraft werfen werden!&#8220;\u0093, so die &hellip; <a href=\"https:\/\/www.muettergegenatomgefahr.at\/?p=1005\">Weiterlesen <span class=\"meta-nav\">&rarr;<\/span><\/a><\/p>\n","protected":false},"author":2,"featured_media":0,"comment_status":"open","ping_status":"open","sticky":false,"template":"","format":"standard","meta":{"footnotes":""},"categories":[1],"tags":[],"class_list":["post-1005","post","type-post","status-publish","format-standard","hentry","category-allgemein"],"_links":{"self":[{"href":"https:\/\/www.muettergegenatomgefahr.at\/index.php?rest_route=\/wp\/v2\/posts\/1005","targetHints":{"allow":["GET"]}}],"collection":[{"href":"https:\/\/www.muettergegenatomgefahr.at\/index.php?rest_route=\/wp\/v2\/posts"}],"about":[{"href":"https:\/\/www.muettergegenatomgefahr.at\/index.php?rest_route=\/wp\/v2\/types\/post"}],"author":[{"embeddable":true,"href":"https:\/\/www.muettergegenatomgefahr.at\/index.php?rest_route=\/wp\/v2\/users\/2"}],"replies":[{"embeddable":true,"href":"https:\/\/www.muettergegenatomgefahr.at\/index.php?rest_route=%2Fwp%2Fv2%2Fcomments&post=1005"}],"version-history":[{"count":1,"href":"https:\/\/www.muettergegenatomgefahr.at\/index.php?rest_route=\/wp\/v2\/posts\/1005\/revisions"}],"predecessor-version":[{"id":1006,"href":"https:\/\/www.muettergegenatomgefahr.at\/index.php?rest_route=\/wp\/v2\/posts\/1005\/revisions\/1006"}],"wp:attachment":[{"href":"https:\/\/www.muettergegenatomgefahr.at\/index.php?rest_route=%2Fwp%2Fv2%2Fmedia&parent=1005"}],"wp:term":[{"taxonomy":"category","embeddable":true,"href":"https:\/\/www.muettergegenatomgefahr.at\/index.php?rest_route=%2Fwp%2Fv2%2Fcategories&post=1005"},{"taxonomy":"post_tag","embeddable":true,"href":"https:\/\/www.muettergegenatomgefahr.at\/index.php?rest_route=%2Fwp%2Fv2%2Ftags&post=1005"}],"curies":[{"name":"wp","href":"https:\/\/api.w.org\/{rel}","templated":true}]}}