{"id":1025,"date":"2015-07-03T16:04:47","date_gmt":"2015-07-03T14:04:47","guid":{"rendered":"http:\/\/www.muettergegenatomgefahr.at\/?p=1025"},"modified":"2015-07-03T16:07:51","modified_gmt":"2015-07-03T14:07:51","slug":"atomstopp-mit-parlamentarischer-buergerinitiative-zu-euratom-bei-nationalratspraesidentin-doris-bures","status":"publish","type":"post","link":"https:\/\/www.muettergegenatomgefahr.at\/?p=1025","title":{"rendered":"atomstopp: Mit parlamentarischer B\u00fcrgerinitiative zu EURATOM bei Nationalratspr\u00e4sidentin Doris Bures"},"content":{"rendered":"<h3><em>\u00dcbergabe der B\u00fcrgerinitiative am Dienstag, 7. Juli um 12 Uhr im Parlament in Wien<\/em><\/h3>\n<table width=\"100%\">\n<tbody>\n<tr>\n<td>\n<h4>Linz (OTS) &#8211; &#8222;Wir freuen uns, dass Nationalratspr\u00e4sidentin Doris Bures unsere parlamentarische B\u00fcrgerinitiative zu EURATOM am Dienstag, dem 7. Juli um 12 Uhr im Parlament in Wien entgegen nehmen und damit der weiteren parlamentarischen Behandlung zuf\u00fchren wird. In Ober\u00f6sterreich wurde diese B\u00fcrgerinitiative besonders prominent durch alle im Landtag vertretenen Parteien unterst\u00fctzt. Landtagspr\u00e4sidentin Gerda Weichsler-Hauer (SP\u00d6), Landtagspr\u00e4sident Adalbert Cramer (FP\u00d6), Landesrat Rudi Anschober (Gr\u00fcne) und Landtagsabgeordnete Eva Maria Gattringer (\u00d6VP) beteiligten sich zum Start der B\u00fcrgerinitiative sogar pers\u00f6nlich beim Sammeln der Unterschriften!&#8220;, so Roland Egger und Gabriele Schweiger, Sprecher von atomstopp_oberoesterreich.<\/h4>\n<h4>&#8222;Mit der parlamentarischen B\u00fcrgerinitiative wollen wir eine Enquete zur Frage der weiteren Mitgliedschaft \u00d6sterreichs bei der Europ\u00e4ischen Atomgemeinschaft EURATOM erreichen. \u00d6sterreich bekennt sich per Verfassung zu einem Verbot jedweder Nutzung der Atomkraft. Dennoch ist \u00d6sterreich Mitglied bei EURATOM. Die aktuelle Genehmigung von Subventionen f\u00fcr das britische AKW-Projekt Hinkley Point C rechtfertigt die EU-Kommission mit EURATOM und dem Ziel des Ausbaues der Atomkraft auch als gemeinsames Ziel der Europ\u00e4ischen Union. Das zeigt klar auf, dass \u00d6sterreich mit seiner Mitgliedschaft die Atomkraft st\u00fctzt &#8211; und das gewiss gegen den Willen einer \u00fcberw\u00e4ltigenden Mehrheit der \u00f6sterreichischen Bev\u00f6lkerung!&#8220;, so Egger und Schweiger weiter.<\/h4>\n<h4>In einer Enquete soll \u00fcber den Ausstieg \u00d6sterreichs aus dem Atomf\u00f6rderverein EURATOM als logischen Schritt diskutiert werden. &#8222;Diese parlamentarische B\u00fcrgerinitiative zu EURATOM ist ein weiterer Baustein, die Diskussion rund um EURATOM anzuregen und Klarheit \u00fcber den Sinn und Zweck der \u00f6sterreichischen Mitgliedschaft bei diesem Atomf\u00f6rderverein zu erreichen.&#8220;, so Egger und Schweiger abschlie\u00dfend.<\/h4>\n<h4>Anmerkung: Journalist_innen, die bei der \u00dcbergabe der B\u00fcrgerinitiative dabei sein m\u00f6chten, setzen sich bitte mit den Aussendern in Verbindung.<\/h4>\n<h4>R\u00fcckfragehinweis: Roland Egger + 43 680 23 93 019 Gabriele Schweiger + 43 680 33 33 625<\/h4>\n<\/td>\n<\/tr>\n<\/tbody>\n<\/table>\n","protected":false},"excerpt":{"rendered":"<p>\u00dcbergabe der B\u00fcrgerinitiative am Dienstag, 7. Juli um 12 Uhr im Parlament in Wien Linz (OTS) &#8211; &#8222;Wir freuen uns, dass Nationalratspr\u00e4sidentin Doris Bures unsere parlamentarische B\u00fcrgerinitiative zu EURATOM am Dienstag, dem 7. Juli um 12 Uhr im Parlament in &hellip; <a href=\"https:\/\/www.muettergegenatomgefahr.at\/?p=1025\">Weiterlesen <span class=\"meta-nav\">&rarr;<\/span><\/a><\/p>\n","protected":false},"author":2,"featured_media":0,"comment_status":"open","ping_status":"open","sticky":false,"template":"","format":"standard","meta":{"footnotes":""},"categories":[1],"tags":[],"class_list":["post-1025","post","type-post","status-publish","format-standard","hentry","category-allgemein"],"_links":{"self":[{"href":"https:\/\/www.muettergegenatomgefahr.at\/index.php?rest_route=\/wp\/v2\/posts\/1025","targetHints":{"allow":["GET"]}}],"collection":[{"href":"https:\/\/www.muettergegenatomgefahr.at\/index.php?rest_route=\/wp\/v2\/posts"}],"about":[{"href":"https:\/\/www.muettergegenatomgefahr.at\/index.php?rest_route=\/wp\/v2\/types\/post"}],"author":[{"embeddable":true,"href":"https:\/\/www.muettergegenatomgefahr.at\/index.php?rest_route=\/wp\/v2\/users\/2"}],"replies":[{"embeddable":true,"href":"https:\/\/www.muettergegenatomgefahr.at\/index.php?rest_route=%2Fwp%2Fv2%2Fcomments&post=1025"}],"version-history":[{"count":4,"href":"https:\/\/www.muettergegenatomgefahr.at\/index.php?rest_route=\/wp\/v2\/posts\/1025\/revisions"}],"predecessor-version":[{"id":1029,"href":"https:\/\/www.muettergegenatomgefahr.at\/index.php?rest_route=\/wp\/v2\/posts\/1025\/revisions\/1029"}],"wp:attachment":[{"href":"https:\/\/www.muettergegenatomgefahr.at\/index.php?rest_route=%2Fwp%2Fv2%2Fmedia&parent=1025"}],"wp:term":[{"taxonomy":"category","embeddable":true,"href":"https:\/\/www.muettergegenatomgefahr.at\/index.php?rest_route=%2Fwp%2Fv2%2Fcategories&post=1025"},{"taxonomy":"post_tag","embeddable":true,"href":"https:\/\/www.muettergegenatomgefahr.at\/index.php?rest_route=%2Fwp%2Fv2%2Ftags&post=1025"}],"curies":[{"name":"wp","href":"https:\/\/api.w.org\/{rel}","templated":true}]}}