{"id":1031,"date":"2015-07-16T12:53:25","date_gmt":"2015-07-16T10:53:25","guid":{"rendered":"http:\/\/www.muettergegenatomgefahr.at\/?p=1031"},"modified":"2015-07-16T12:53:25","modified_gmt":"2015-07-16T10:53:25","slug":"atomstopp-unterstuetzung-fuer-tschechische-gemeinde-manovice-gegen-atomares-endlager","status":"publish","type":"post","link":"https:\/\/www.muettergegenatomgefahr.at\/?p=1031","title":{"rendered":"atomstopp: Unterst\u00fctzung f\u00fcr tschechische Gemeinde Manovice gegen atomares Endlager"},"content":{"rendered":"<p><em><span class=\"news_untertitel\">Bereits seit 11 Jahren allsommerliche Protestaktion \u2013 heuer am Samstag, 18. Juli <\/span><\/em><\/p>\n<p><span class=\"news_text\">Auch heuer wird sich atomstopp wieder an der Protestaktion gegen ein atomares Endlager in der tschechischen Gemeinde Manovice beteiligen und sich gemeinsam mit Aktivist_innen aus Tschechien und Deutschland zu Fu\u00df und auf dem Fahrrad von Pacejov nach Manovice aufmachen!<\/p>\n<p>\u201eBereits seit 11 Jahren organisiert der tschechische Verein \u201eAtomabfall Nein danke, kein Interesse!\u201c diese allsommerliche Protestaktion. F\u00fcr die Vertreter_innen von atomstopp ist es fast schon Tradition, die tschechischen Aktivist_innen in ihrem Widerstand gegen das Endlager zu unterst\u00fctzen und sich an der Protestaktion zu beteiligen! Wir sind heuer das vierte Mal mit dabei, wenn es darum geht, aufzuzeigen, dass der atomare Irrsinn schwer auf den R\u00fccken von kommenden Generationen gelastet, die Frage der Haftung f\u00fcr Endlager, die f\u00fcr eine Million Jahre sicher sein m\u00fcssen, v\u00f6llig au\u00dfer Acht gelassen wird.\u201c, so Roland Egger und Gabriele Schweiger, Sprecher von atomstopp_oberoesterreich.<\/p>\n<p>Start der Protestaktion: Samstag, 18. Juli \u2013 13:30 Uhr beim Bahnhof in Pacejov<br \/>\nProtestaktion: zu Fu\u00df oder mit dem Fahrrad nach Manovice (ca. 5 km)<br \/>\nAbschluss der Protestaktion: Drachenwiese in Manovice mit Rede- und Musikbeitr\u00e4gen<\/p>\n<p>Manovice ist einer von f\u00fcnf m\u00f6glichen Standorten in der engeren Auswahl f\u00fcr ein atomares Endlager in der Tschechischen Republik. Der Widerstand gegen die Endlager ist generell sehr gro\u00df und die Atomindustrie tut sich schwer, die Leute von der Sicherheit der Endlagerung zu \u00fcberzeugen.<\/p>\n<p>\u201eAus unserer Sicht ist es unm\u00f6glich, zu garantieren, dass der radioaktive Abfall eine Million Jahre sicher verwahrt werden kann. Das ist aber die Voraussetzung, wenn man von einer sicheren Endlagerung spricht! Die Frage der atomaren Haftung ist auch schon im Katastrophenfall unverantwortlich gering: nicht einmal 1% eines potenziellen Schadens ist aktuell durch den Betreiber versichert. Wer bitte, soll die Haftung f\u00fcr Sch\u00e4den \u00fcbernehmen, die in 500 Jahren auftreten oder in 2.000 Jahren oder in 20.000 Jahren oder 500.000 Jahren, weil die Endlager doch nicht sicher sind? Es ist v\u00f6llig absurd und der einzig logische Schritt ist: RAUS aus der ATOMKRAFT, alle Anstrengungen m\u00fcssen ab sofort in die Sicherung der bereits angerichteten Probleme gelenkt werden!\u201c, so Egger und Schweiger abschlie\u00dfend.<\/p>\n<p>Weitere Informationen:<br \/>\nRoland Egger +43 680 23 93 019<br \/>\nGabriele Schweiger +43 680 33 33 625<br \/>\n<\/span><\/p>\n","protected":false},"excerpt":{"rendered":"<p>Bereits seit 11 Jahren allsommerliche Protestaktion \u2013 heuer am Samstag, 18. Juli Auch heuer wird sich atomstopp wieder an der Protestaktion gegen ein atomares Endlager in der tschechischen Gemeinde Manovice beteiligen und sich gemeinsam mit Aktivist_innen aus Tschechien und Deutschland &hellip; <a href=\"https:\/\/www.muettergegenatomgefahr.at\/?p=1031\">Weiterlesen <span class=\"meta-nav\">&rarr;<\/span><\/a><\/p>\n","protected":false},"author":2,"featured_media":0,"comment_status":"open","ping_status":"open","sticky":false,"template":"","format":"standard","meta":{"footnotes":""},"categories":[1],"tags":[],"class_list":["post-1031","post","type-post","status-publish","format-standard","hentry","category-allgemein"],"_links":{"self":[{"href":"https:\/\/www.muettergegenatomgefahr.at\/index.php?rest_route=\/wp\/v2\/posts\/1031","targetHints":{"allow":["GET"]}}],"collection":[{"href":"https:\/\/www.muettergegenatomgefahr.at\/index.php?rest_route=\/wp\/v2\/posts"}],"about":[{"href":"https:\/\/www.muettergegenatomgefahr.at\/index.php?rest_route=\/wp\/v2\/types\/post"}],"author":[{"embeddable":true,"href":"https:\/\/www.muettergegenatomgefahr.at\/index.php?rest_route=\/wp\/v2\/users\/2"}],"replies":[{"embeddable":true,"href":"https:\/\/www.muettergegenatomgefahr.at\/index.php?rest_route=%2Fwp%2Fv2%2Fcomments&post=1031"}],"version-history":[{"count":1,"href":"https:\/\/www.muettergegenatomgefahr.at\/index.php?rest_route=\/wp\/v2\/posts\/1031\/revisions"}],"predecessor-version":[{"id":1032,"href":"https:\/\/www.muettergegenatomgefahr.at\/index.php?rest_route=\/wp\/v2\/posts\/1031\/revisions\/1032"}],"wp:attachment":[{"href":"https:\/\/www.muettergegenatomgefahr.at\/index.php?rest_route=%2Fwp%2Fv2%2Fmedia&parent=1031"}],"wp:term":[{"taxonomy":"category","embeddable":true,"href":"https:\/\/www.muettergegenatomgefahr.at\/index.php?rest_route=%2Fwp%2Fv2%2Fcategories&post=1031"},{"taxonomy":"post_tag","embeddable":true,"href":"https:\/\/www.muettergegenatomgefahr.at\/index.php?rest_route=%2Fwp%2Fv2%2Ftags&post=1031"}],"curies":[{"name":"wp","href":"https:\/\/api.w.org\/{rel}","templated":true}]}}