{"id":1034,"date":"2015-07-30T10:40:57","date_gmt":"2015-07-30T08:40:57","guid":{"rendered":"http:\/\/www.muettergegenatomgefahr.at\/?p=1034"},"modified":"2015-07-30T11:38:42","modified_gmt":"2015-07-30T09:38:42","slug":"atomstopp-seit-einem-jahr-live-on-air-im-freien-radio-freistadt-und-im-internet","status":"publish","type":"post","link":"https:\/\/www.muettergegenatomgefahr.at\/?p=1034","title":{"rendered":"atomstopp: Seit einem Jahr &#8211; Live on AIR im Freien Radio Freistadt und im Internet"},"content":{"rendered":"<p><span id=\"ucPreviewMsg_lblMessage\" class=\"PreviewMsgText visualIEFloatFix\"><em><a href=\"http:\/\/www.muettergegenatomgefahr.at\/wp-content\/uploads\/news_image.php_.jpeg\"><br \/>\n<\/a>Monatliches Informationsmagazin zum europaweiten Atomausstieg liefert Hintergrundberichte und spannende Reportagen<\/em><\/span><\/p>\n<p><img decoding=\"async\" src=\"http:\/\/webmail.epnet.at\/iclient\/images\/sp.gif\" alt=\"\" \/>&#8222;\u0084Wir wollen uns an dieser Stelle herzlich bei der Sendeleitung des Freien Radio Freistadt f\u00fcr die Gelegenheit bedanken, monatlich \u00fcber diesen Kanal zum europaweiten Atomausstieg informieren zu k\u00f6nnen! Mit viel Geduld und sicherem Gesp\u00fcr haben sie uns f\u00fcr das Medium \u0084Radio\u0093 begeistert, sodass unser \u0084atomstopp_\u0093-Magazin, das wir eigenst\u00e4ndig gestalten d\u00fcrfen, auch f\u00fcr uns pers\u00f6nlich eine gro\u00dfe Bereicherung geworden ist!\u0093&#8220;, so Gabriele Schweiger und Roland Egger, Sprecher von atomstopp_oberoesterreich.<\/p>\n<p><em>atomstopp &#8211; das monatliche Informationsmagazin zum europawe iten Atomausstieg &#8211; wird live jeden 4. Dienstag im Monat gesendet, und zwar um 17 Uhr und wiederholt am darauffolgenden Freitag um 10 Uhr und am Sonntag um 14 Uhr, auf den Frequenzen 103,1 Hz und 107,1 Hz, sowie im Stream auf <a href=\"http:\/\/www.frf.at\" target=\"_blank\">www.frf.at<\/a>.<\/em><\/p>\n<p><em>Alle bisherigen Sendungen sind auch im Internet unter der Adresse <a href=\"http:\/\/cba.fro.at\/series\/atomstopp\" target=\"_blank\">https:\/\/cba.fro.at\/series\/atomstopp<\/a> abrufbar.\u00a0<img loading=\"lazy\" decoding=\"async\" class=\"  wp-image-1036 alignright\" src=\"http:\/\/www.muettergegenatomgefahr.at\/wp-content\/uploads\/news_image.php_-300x225.jpeg\" alt=\"news_image.php\" width=\"290\" height=\"218\" srcset=\"https:\/\/www.muettergegenatomgefahr.at\/wp-content\/uploads\/news_image.php_-300x225.jpeg 300w, https:\/\/www.muettergegenatomgefahr.at\/wp-content\/uploads\/news_image.php_-1024x768.jpeg 1024w, https:\/\/www.muettergegenatomgefahr.at\/wp-content\/uploads\/news_image.php_.jpeg 1333w\" sizes=\"auto, (max-width: 290px) 100vw, 290px\" \/><\/em><\/p>\n<p>\u0084&#8220;In der letzten Sendung haben wir eine Reportage aus Pacejov\/Manovice gestaltet. Die Gemeinden wehren sich seit 2003 mit aller Kraft gegen die Errichtung eines atomaren Endlagers. Allsommerlich findet deswegen auch ein Protestmarsch statt, an dem Vertreter_innen von atomstopp bereits das vierte Mal teilnahmen. B\u00fcrgermeister, NGO-Vertreter_innen, B\u00fcrger_innen, Aktivist_innen kommen in der Reportage zu Wort. F\u00fcr uns ist klar: Wir werden die Gemeinden in ihrem Widerstand nicht allein lassen: Pacejov\/Manovice ist in knapp 2,5 Stunden von Freistadt aus erreichbar \u0096 vergleichbar also etwa mit Wien oder Bad Aussee. Zu nahe also, um einfach wegzuschauen.\u0093&#8220;, so Schweiger und Egger abschlie\u00dfend.<\/p>\n<p><em>Eine Auswahl der Themen der bisherigen Sendungen: Atomhaftung, EURATOM, Tipps zum Energiesparen, Briefe an das Christkind, Status der Atomindustrie europaweit, R\u00fcckblick auf die Nuclear Energy Conference 2015, Reportagen von Reisen nach Br\u00fcssel und Pacejov\/Manovice\u00a0<\/em><\/p>\n<p>Fotos von der Aktion unter: <a href=\"http:\/\/atomkraftfrei-leben.at\/gallery.php\" target=\"_blank\">http:\/\/atomkraftfrei-leben.at\/gallery.php<\/a><br \/>\nFotobeschreibung: Roland Egger (atomstopp) interviewt Edvard Sequens (CALLA), \u00dcbersetzung durch Bernhard Riepl (Sonne und Freiheit)<\/p>\n<p>Weitere Informationen:<br \/>\nRoland Egger +43 680 23 93 019<br \/>\nGabriele Schweiger +43 680 33 33 625<\/p>\n","protected":false},"excerpt":{"rendered":"<p>Monatliches Informationsmagazin zum europaweiten Atomausstieg liefert Hintergrundberichte und spannende Reportagen &#8222;\u0084Wir wollen uns an dieser Stelle herzlich bei der Sendeleitung des Freien Radio Freistadt f\u00fcr die Gelegenheit bedanken, monatlich \u00fcber diesen Kanal zum europaweiten Atomausstieg informieren zu k\u00f6nnen! Mit viel &hellip; <a href=\"https:\/\/www.muettergegenatomgefahr.at\/?p=1034\">Weiterlesen <span class=\"meta-nav\">&rarr;<\/span><\/a><\/p>\n","protected":false},"author":2,"featured_media":0,"comment_status":"open","ping_status":"open","sticky":false,"template":"","format":"standard","meta":{"footnotes":""},"categories":[1],"tags":[],"class_list":["post-1034","post","type-post","status-publish","format-standard","hentry","category-allgemein"],"_links":{"self":[{"href":"https:\/\/www.muettergegenatomgefahr.at\/index.php?rest_route=\/wp\/v2\/posts\/1034","targetHints":{"allow":["GET"]}}],"collection":[{"href":"https:\/\/www.muettergegenatomgefahr.at\/index.php?rest_route=\/wp\/v2\/posts"}],"about":[{"href":"https:\/\/www.muettergegenatomgefahr.at\/index.php?rest_route=\/wp\/v2\/types\/post"}],"author":[{"embeddable":true,"href":"https:\/\/www.muettergegenatomgefahr.at\/index.php?rest_route=\/wp\/v2\/users\/2"}],"replies":[{"embeddable":true,"href":"https:\/\/www.muettergegenatomgefahr.at\/index.php?rest_route=%2Fwp%2Fv2%2Fcomments&post=1034"}],"version-history":[{"count":4,"href":"https:\/\/www.muettergegenatomgefahr.at\/index.php?rest_route=\/wp\/v2\/posts\/1034\/revisions"}],"predecessor-version":[{"id":1039,"href":"https:\/\/www.muettergegenatomgefahr.at\/index.php?rest_route=\/wp\/v2\/posts\/1034\/revisions\/1039"}],"wp:attachment":[{"href":"https:\/\/www.muettergegenatomgefahr.at\/index.php?rest_route=%2Fwp%2Fv2%2Fmedia&parent=1034"}],"wp:term":[{"taxonomy":"category","embeddable":true,"href":"https:\/\/www.muettergegenatomgefahr.at\/index.php?rest_route=%2Fwp%2Fv2%2Fcategories&post=1034"},{"taxonomy":"post_tag","embeddable":true,"href":"https:\/\/www.muettergegenatomgefahr.at\/index.php?rest_route=%2Fwp%2Fv2%2Ftags&post=1034"}],"curies":[{"name":"wp","href":"https:\/\/api.w.org\/{rel}","templated":true}]}}