{"id":1040,"date":"2015-08-05T10:28:00","date_gmt":"2015-08-05T08:28:00","guid":{"rendered":"http:\/\/www.muettergegenatomgefahr.at\/?p=1040"},"modified":"2015-08-05T10:28:00","modified_gmt":"2015-08-05T08:28:00","slug":"atomstopp-atomkraft-ein-kind-des-krieges","status":"publish","type":"post","link":"https:\/\/www.muettergegenatomgefahr.at\/?p=1040","title":{"rendered":"atomstopp:  Atomkraft \u2013 ein Kind des Krieges"},"content":{"rendered":"<p><em><b class=\"head\"><span class=\"news_untertitel\">70 Jahre Atombomben auf Hiroshima und Nagasaki \u2013 Gedenkfeier am 6. August in Wien <\/span><\/b><\/em><\/p>\n<p><span class=\"news_text\">Am Donnerstag, 6. August, wird am Wiener Stephansplatz dem 70sten Jahrestag der Atombomben-Abw\u00fcrfe auf die japanischen St\u00e4dte Hiroshima und Nagasaki gedacht. \u201eatomstopp_oberoesterreich wird bei der Gedenkfeier mit dabei sein, denn f\u00fcr uns ist klar: Atomkraft, auch die sogenannte \u201efriedliche\u201c Nutzung ist ein Kind des Krieges, das seine Herkunft nicht verleugnen kann, zu \u00e4hnlich sind die Vorgangsweisen und Auswirkungen auf Land und Menschen!\u201c, so Gabriele Schweiger und Roland Egger, Sprecher von atomstopp_oberoesterreich.<\/p>\n<p>\u201eAusger\u00fcstet mit Ton-Aufnahmeger\u00e4ten werden wir versuchen, die Stimmung bei der Gedenkfeier einzufangen, Interviews mit Organisator_innen und Teilnehmer_innen f\u00fcr unsere n\u00e4chste Radiosendung im Freien Radio Freistadt zu sammeln.<\/p>\n<p>atomstopp, das monatliche Informationsmagazin zum europaweiten Atomausstieg im August wird also eine Sendung \u00fcber die Urspr\u00fcnge der Atomkraft \u2013 und die liegen tief verankert im Milit\u00e4rischen. AKW sind umgem\u00fcnzte Munitionsfabriken. Viele der Atomstaaten hatten ihr Atomprogramm nur wegen der Waffenproduktion, wegen dem Streben nach der Atombombe gestartet. Was in jedem Fall davon bis heute \u00fcbrigbleibt, ist der Machtfaktor &#8211; und die latente, unberechenbare Gefahr der Zerst\u00f6rung!\u201c, so Schweiger und Egger weiter.<\/p>\n<p>\u201eDie Gelegenheit, Schulter an Schulter mit der Friedensbewegung gegen den atomaren Wahnsinn zu k\u00e4mpften, ist enorm wichtig, denn die beiden Ausw\u00fcchse, die milit\u00e4rische und die zivile Nutzung der Atomkraft, sind zwei Seiten ein und derselben M\u00fcnze!\u201c, so Schweiger und Egger abschlie\u00dfend.<\/p>\n<p>Weitere Informationen:<br \/>\nGabriele Schweiger +43 680 33 33 625<br \/>\nRoland Egger +43 680 23 93 019<br \/>\n<\/span><\/p>\n","protected":false},"excerpt":{"rendered":"<p>70 Jahre Atombomben auf Hiroshima und Nagasaki \u2013 Gedenkfeier am 6. August in Wien Am Donnerstag, 6. August, wird am Wiener Stephansplatz dem 70sten Jahrestag der Atombomben-Abw\u00fcrfe auf die japanischen St\u00e4dte Hiroshima und Nagasaki gedacht. \u201eatomstopp_oberoesterreich wird bei der Gedenkfeier &hellip; <a href=\"https:\/\/www.muettergegenatomgefahr.at\/?p=1040\">Weiterlesen <span class=\"meta-nav\">&rarr;<\/span><\/a><\/p>\n","protected":false},"author":2,"featured_media":0,"comment_status":"open","ping_status":"open","sticky":false,"template":"","format":"standard","meta":{"footnotes":""},"categories":[1],"tags":[],"class_list":["post-1040","post","type-post","status-publish","format-standard","hentry","category-allgemein"],"_links":{"self":[{"href":"https:\/\/www.muettergegenatomgefahr.at\/index.php?rest_route=\/wp\/v2\/posts\/1040","targetHints":{"allow":["GET"]}}],"collection":[{"href":"https:\/\/www.muettergegenatomgefahr.at\/index.php?rest_route=\/wp\/v2\/posts"}],"about":[{"href":"https:\/\/www.muettergegenatomgefahr.at\/index.php?rest_route=\/wp\/v2\/types\/post"}],"author":[{"embeddable":true,"href":"https:\/\/www.muettergegenatomgefahr.at\/index.php?rest_route=\/wp\/v2\/users\/2"}],"replies":[{"embeddable":true,"href":"https:\/\/www.muettergegenatomgefahr.at\/index.php?rest_route=%2Fwp%2Fv2%2Fcomments&post=1040"}],"version-history":[{"count":1,"href":"https:\/\/www.muettergegenatomgefahr.at\/index.php?rest_route=\/wp\/v2\/posts\/1040\/revisions"}],"predecessor-version":[{"id":1041,"href":"https:\/\/www.muettergegenatomgefahr.at\/index.php?rest_route=\/wp\/v2\/posts\/1040\/revisions\/1041"}],"wp:attachment":[{"href":"https:\/\/www.muettergegenatomgefahr.at\/index.php?rest_route=%2Fwp%2Fv2%2Fmedia&parent=1040"}],"wp:term":[{"taxonomy":"category","embeddable":true,"href":"https:\/\/www.muettergegenatomgefahr.at\/index.php?rest_route=%2Fwp%2Fv2%2Fcategories&post=1040"},{"taxonomy":"post_tag","embeddable":true,"href":"https:\/\/www.muettergegenatomgefahr.at\/index.php?rest_route=%2Fwp%2Fv2%2Ftags&post=1040"}],"curies":[{"name":"wp","href":"https:\/\/api.w.org\/{rel}","templated":true}]}}