{"id":1045,"date":"2015-10-08T12:21:51","date_gmt":"2015-10-08T10:21:51","guid":{"rendered":"http:\/\/www.muettergegenatomgefahr.at\/?p=1045"},"modified":"2015-10-08T12:21:51","modified_gmt":"2015-10-08T10:21:51","slug":"atomstopp-schwungvolle-unterstuetzung-der-euratom-buergerinitiative-durch-die-oberoesterreichischen-naturfreunde","status":"publish","type":"post","link":"https:\/\/www.muettergegenatomgefahr.at\/?p=1045","title":{"rendered":"atomstopp: Schwungvolle Unterst\u00fctzung der EURATOM-B\u00fcrgerinitiative durch die ober\u00f6sterreichischen Naturfreunde\u00a0"},"content":{"rendered":"<p><b class=\"head\"><em><span class=\"news_untertitel\">Aktivist_innen begr\u00fc\u00dfen das Engagement von Landtagspr\u00e4sidentin Weichsler-Hauer <\/span><\/em><\/b><\/p>\n<p><span class=\"news_text\">Sehr erfreut zeigt sich atomstopp_oberoesterreich \u00fcber die Unterst\u00fctzung der Petition zur EURATOM-Enquete durch Gerda Weichlser-Hauer, 2. Landtagspr\u00e4sidentin, Antiatom-Sprecherin und Pr\u00e4sidentin der Naturfreunde O\u00d6. \u201eEs ist ein gutes Signal, dass unser Anliegen so aktiv mitgetragen wird!\u201c, so die Sprecher der Initiative Roland Egger und Gabriele Schweiger. \u201eDass solid aufgestellte Organisationen wie die Naturfreunde f\u00fcr die Unterzeichnung unserer Petition werben, l\u00e4sst hoffen, endlich eine angemessene, offene und letztlich zielf\u00fchrende Diskussion auf h\u00f6chster Ebene im \u00f6sterreichischen Parlament einleiten zu k\u00f6nnen!\u201c<\/p>\n<p>Der von atomstopp initiierten Petition kann online unter\u00a0<a href=\"http:\/\/www.parlament.gv.at\/PAKT\/VHG\/XXV\/BI\/BI_00082\/index.shtml#tab-Zustimmungserklaerungen\" target=\"_blank\">http:\/\/www.parlament.gv.at\/PAKT\/VHG\/XXV\/BI\/BI_00082\/index.shtml#tab-Zustimmungserklaerungen<\/a><br \/>\nZustimmung erteilt werden. \u201eJede zus\u00e4tzliche Stimme ist ein St\u00fcck mehr des Ausdrucks der Dringlichkeit, \u00d6sterreichs Mitgliedschaft beim Atom-F\u00f6rderverein EURATOM gr\u00fcndlich zu hinterfragen &#8211; und endlich zu l\u00f6sen!\u201c, so Egger und Schweiger abschlie\u00dfend.<\/p>\n<p>Weitere Hinweise:<br \/>\nGabriele Schweiger 0680\/33 33 625<br \/>\nRoland Egger 0680\/23 93 019<\/span><\/p>\n","protected":false},"excerpt":{"rendered":"<p>Aktivist_innen begr\u00fc\u00dfen das Engagement von Landtagspr\u00e4sidentin Weichsler-Hauer Sehr erfreut zeigt sich atomstopp_oberoesterreich \u00fcber die Unterst\u00fctzung der Petition zur EURATOM-Enquete durch Gerda Weichlser-Hauer, 2. Landtagspr\u00e4sidentin, Antiatom-Sprecherin und Pr\u00e4sidentin der Naturfreunde O\u00d6. \u201eEs ist ein gutes Signal, dass unser Anliegen so aktiv &hellip; <a href=\"https:\/\/www.muettergegenatomgefahr.at\/?p=1045\">Weiterlesen <span class=\"meta-nav\">&rarr;<\/span><\/a><\/p>\n","protected":false},"author":2,"featured_media":0,"comment_status":"open","ping_status":"open","sticky":false,"template":"","format":"standard","meta":{"footnotes":""},"categories":[1],"tags":[],"class_list":["post-1045","post","type-post","status-publish","format-standard","hentry","category-allgemein"],"_links":{"self":[{"href":"https:\/\/www.muettergegenatomgefahr.at\/index.php?rest_route=\/wp\/v2\/posts\/1045","targetHints":{"allow":["GET"]}}],"collection":[{"href":"https:\/\/www.muettergegenatomgefahr.at\/index.php?rest_route=\/wp\/v2\/posts"}],"about":[{"href":"https:\/\/www.muettergegenatomgefahr.at\/index.php?rest_route=\/wp\/v2\/types\/post"}],"author":[{"embeddable":true,"href":"https:\/\/www.muettergegenatomgefahr.at\/index.php?rest_route=\/wp\/v2\/users\/2"}],"replies":[{"embeddable":true,"href":"https:\/\/www.muettergegenatomgefahr.at\/index.php?rest_route=%2Fwp%2Fv2%2Fcomments&post=1045"}],"version-history":[{"count":1,"href":"https:\/\/www.muettergegenatomgefahr.at\/index.php?rest_route=\/wp\/v2\/posts\/1045\/revisions"}],"predecessor-version":[{"id":1046,"href":"https:\/\/www.muettergegenatomgefahr.at\/index.php?rest_route=\/wp\/v2\/posts\/1045\/revisions\/1046"}],"wp:attachment":[{"href":"https:\/\/www.muettergegenatomgefahr.at\/index.php?rest_route=%2Fwp%2Fv2%2Fmedia&parent=1045"}],"wp:term":[{"taxonomy":"category","embeddable":true,"href":"https:\/\/www.muettergegenatomgefahr.at\/index.php?rest_route=%2Fwp%2Fv2%2Fcategories&post=1045"},{"taxonomy":"post_tag","embeddable":true,"href":"https:\/\/www.muettergegenatomgefahr.at\/index.php?rest_route=%2Fwp%2Fv2%2Ftags&post=1045"}],"curies":[{"name":"wp","href":"https:\/\/api.w.org\/{rel}","templated":true}]}}