{"id":1048,"date":"2015-10-12T13:26:38","date_gmt":"2015-10-12T11:26:38","guid":{"rendered":"http:\/\/www.muettergegenatomgefahr.at\/?p=1048"},"modified":"2015-10-12T13:26:38","modified_gmt":"2015-10-12T11:26:38","slug":"atomstopp-kritik-an-der-europaeischen-atomgemeinschaft-wird-lauter","status":"publish","type":"post","link":"https:\/\/www.muettergegenatomgefahr.at\/?p=1048","title":{"rendered":"atomstopp: Kritik an der europ\u00e4ischen Atomgemeinschaft wird lauter"},"content":{"rendered":"<p><em>Zeit f\u00fcr EURATOM-Enquete ist \u00fcberreif!<\/em><\/p>\n<p>Gute Chancen sieht atomstopp f\u00fcr seine Forderung nach einer EURATOM-Enquete im \u00f6sterreichischen Parlament, denn nach O\u00d6-SP\u00d6-Antiatomsprecherin Weichsler-Hauer l\u00e4sst nun auch der freiheitliche Nationalratsabgeordnete Neubauer mit scharfer Kritik an \u00d6sterreichs Mitgliedschaft bei EURATOM aufhorchen.<\/p>\n<p>\u201eWir begr\u00fc\u00dfen es sehr, dass gerade die ober\u00f6sterreichischen Volksvertreter_innen nicht locker lassen und sich immer wieder gegen \u00d6sterreichs widersinnige Mitgliedschaft bei der europ\u00e4ischen Atomgemeinschaft EURATOM starkmachen! Es muss uns gemeinsam gelingen, die Forderung dort hin zu tragen, wo die Zust\u00e4ndigkeit liegt &#8211; und das ist der \u00f6sterreichische Nationalrat! Der Konsens ist breit: alle Landesregierungen und auch die Oppositionsparteien im Parlament bem\u00fchen sich seit Jahren um ein ernsthaftes \u00dcberdenken der Situation. Vor allem die FP\u00d6 kann hier auf eine lange Reihe von parlamentarischen Anfragen und Antr\u00e4ge verweisen, die allesamt von den Koalitionspartnern auf Bundesebene abgeschmettert oder endlos-vertagt wurden\u201c, so Roland Egger und Gabriele Schweiger, Sprecher von atomstopp und Initiatoren der Petition f\u00fcr eine <a href=\"http:\/\/www.parlament.gv.at\/PAKT\/VHG\/XXV\/BI\/BI_00082\/index.shtml#tab-Zustimmungserklaerungen\" target=\"_blank\">Enquete zu EURATOM, die hier online unterst\u00fctzt werden kann<\/a>.<\/p>\n<p>\u201eDie Zeit ist sozusagen \u00fcberreif, um das sowohl rechtlich als auch inhaltlich paradoxe Faktum der \u00f6sterreichischen Mitgliedschaft bei der europ\u00e4ischen Atomgemeinschaft grundlegend zu er\u00f6rtern. Eine sachlich ausgewogenen Analyse im Rahmen einer parlamentarischen Enquete stellt einen geeigneten Rahmen dar, endlich zu einer bereinigenden Position zu finden. Gerade in Zeiten h\u00f6chstnotwendiger Weichenstellungen f\u00fcr die Energiezukunft, darf das unreflektierte Hinnehmen eines Atomf\u00f6rdervereins wie EURATOM nicht l\u00e4nger geduldet werden. Wir, als atomkritischer Staat Nummer Eins in der EU, tragen dabei eine besondere Verantwortung!\u201c, so Egger und Schweiger abschlie\u00dfend.<\/p>\n<p>&nbsp;<\/p>\n<p>Weitere Informationen:<\/p>\n<p>Roland Egger 0680\/23 93 019<\/p>\n<p>Gabriele Schweiger 0680\/33 33 625<\/p>\n","protected":false},"excerpt":{"rendered":"<p>Zeit f\u00fcr EURATOM-Enquete ist \u00fcberreif! Gute Chancen sieht atomstopp f\u00fcr seine Forderung nach einer EURATOM-Enquete im \u00f6sterreichischen Parlament, denn nach O\u00d6-SP\u00d6-Antiatomsprecherin Weichsler-Hauer l\u00e4sst nun auch der freiheitliche Nationalratsabgeordnete Neubauer mit scharfer Kritik an \u00d6sterreichs Mitgliedschaft bei EURATOM aufhorchen. \u201eWir begr\u00fc\u00dfen &hellip; <a href=\"https:\/\/www.muettergegenatomgefahr.at\/?p=1048\">Weiterlesen <span class=\"meta-nav\">&rarr;<\/span><\/a><\/p>\n","protected":false},"author":2,"featured_media":0,"comment_status":"open","ping_status":"open","sticky":false,"template":"","format":"standard","meta":{"footnotes":""},"categories":[1],"tags":[],"class_list":["post-1048","post","type-post","status-publish","format-standard","hentry","category-allgemein"],"_links":{"self":[{"href":"https:\/\/www.muettergegenatomgefahr.at\/index.php?rest_route=\/wp\/v2\/posts\/1048","targetHints":{"allow":["GET"]}}],"collection":[{"href":"https:\/\/www.muettergegenatomgefahr.at\/index.php?rest_route=\/wp\/v2\/posts"}],"about":[{"href":"https:\/\/www.muettergegenatomgefahr.at\/index.php?rest_route=\/wp\/v2\/types\/post"}],"author":[{"embeddable":true,"href":"https:\/\/www.muettergegenatomgefahr.at\/index.php?rest_route=\/wp\/v2\/users\/2"}],"replies":[{"embeddable":true,"href":"https:\/\/www.muettergegenatomgefahr.at\/index.php?rest_route=%2Fwp%2Fv2%2Fcomments&post=1048"}],"version-history":[{"count":1,"href":"https:\/\/www.muettergegenatomgefahr.at\/index.php?rest_route=\/wp\/v2\/posts\/1048\/revisions"}],"predecessor-version":[{"id":1049,"href":"https:\/\/www.muettergegenatomgefahr.at\/index.php?rest_route=\/wp\/v2\/posts\/1048\/revisions\/1049"}],"wp:attachment":[{"href":"https:\/\/www.muettergegenatomgefahr.at\/index.php?rest_route=%2Fwp%2Fv2%2Fmedia&parent=1048"}],"wp:term":[{"taxonomy":"category","embeddable":true,"href":"https:\/\/www.muettergegenatomgefahr.at\/index.php?rest_route=%2Fwp%2Fv2%2Fcategories&post=1048"},{"taxonomy":"post_tag","embeddable":true,"href":"https:\/\/www.muettergegenatomgefahr.at\/index.php?rest_route=%2Fwp%2Fv2%2Ftags&post=1048"}],"curies":[{"name":"wp","href":"https:\/\/api.w.org\/{rel}","templated":true}]}}