{"id":1051,"date":"2015-11-02T10:58:18","date_gmt":"2015-11-02T08:58:18","guid":{"rendered":"http:\/\/www.muettergegenatomgefahr.at\/?p=1051"},"modified":"2015-11-02T10:58:52","modified_gmt":"2015-11-02T08:58:52","slug":"atomstopp-oesterreichische-politiker_innen-fuer-export-von-radioaktivem-abfall","status":"publish","type":"post","link":"https:\/\/www.muettergegenatomgefahr.at\/?p=1051","title":{"rendered":"atomstopp: \u00d6sterreichische Politiker_innen f\u00fcr Export von radioaktivem Abfall"},"content":{"rendered":"<p><span id=\"ucPreviewMsg_lblMessage\" class=\"PreviewMsgText visualIEFloatFix\"><strong><em><a href=\"http:\/\/www.intoeternitythemovie.com\" target=\"_blank\">Filmvorf\u00fchrung \u0084Into Eternity\u0093 am Mittwoch, 4. November in Freistadt<\/a><\/em><\/strong><\/span><\/p>\n<p>Wenn demn\u00e4chst die Novelle des \u00f6sterreichischen Strahlenschutzgesetzes im Parlament diskutiert wird, muss Bezug genommen werden auf Vorgaben der Europ\u00e4ischen Union bei der Endlagerung der radioaktiven Abf\u00e4lle, die derzeit in Seibersdorf zwischengelagert werden. Eine zufriedenstellende L\u00f6sung ist aber in weiter Ferne, denn die \u00f6sterreichischen Politiker_innen scheuen eine Diskussion \u00fcber die Endlagerung dieser radioaktiven Abf\u00e4lle!<\/p>\n<p>\u0084&#8220;Ein verantwortungsvoller Umgang mit den radioaktiven Abf\u00e4llen, die in \u00d6sterreich anfallen, schaut anders aus. Offenbar gef\u00e4llt man sich in der Rolle des gem\u00fctlichen Zuschauens und Abwartens, was sich wohl auf europ\u00e4ischer und internationaler Ebene bei der Endlagersuche tut, und ob man nicht den radioakt iven Abfall einfach exportieren k\u00f6nnte, anstatt in \u00d6sterreich selbst Vorsorge f\u00fcr die Lagerung der \u00f6sterreichischen schwach- und mittelradioaktiven Abf\u00e4lle zu treffen!&#8220;\u0093, kritisieren Roland Egger und Gabriele Schweiger, Sprecher von atomstopp_oberoesterreich.<\/p>\n<p>\u0084&#8220;Gerade von \u00f6sterreichischen Politiker_innen w\u00fcrde man sich einen vorbildhaften Umgang mit der sensiblen Materie erwarten! \u00d6sterreich muss als Anti-Atom-Land einen besonders klaren und verantwortungsvollen Umgang mit den radioaktiven Abf\u00e4llen zeigen! Das Gegenteil scheint aber der Fall zu sein, wenn man meint, die radioaktiven Abf\u00e4lle einfach in Seibersdorf bis zum St. Nimmerleinstag lagern zu k\u00f6nnen oder allenfalls in irgendein Endlager au\u00dferhalb \u00d6sterreichs verbringen zu k\u00f6nnen.&#8220;\u0093, so Egger und Schweiger weiter.<\/p>\n<p>\u0084&#8220;Wir appellieren an die Parlamentarier_innen, die Novelle zum Strahlenschutzgesetz in dieser Form nicht einfach durchs Plenum zu winken, sondern sich ihrer Verantwortung zu stellen!\u0093&#8220;, so Egger un d Schweiger abschlie\u00dfend.<\/p>\n<p>Anmerkung: In der Reihe \u0084atomstopp_kino\u0093 zeigt die Localb\u00fchne Freistadt am<br \/>\nMittwoch, 4. November um 19:30 Uhr den Dokumentarfilm \u0084Into Eternity\u0093, in dem die Konsequenzen der Lagerung der radioaktiven Abf\u00e4lle f\u00fcr eine Million Jahre beleuchtet werden.<\/p>\n<p>Weitere Informationen:<br \/>\nRoland Egger +43 680 23 93 019<br \/>\nGabriele Schweiger +43 680 33 33 625<\/p>\n","protected":false},"excerpt":{"rendered":"<p>Filmvorf\u00fchrung \u0084Into Eternity\u0093 am Mittwoch, 4. November in Freistadt Wenn demn\u00e4chst die Novelle des \u00f6sterreichischen Strahlenschutzgesetzes im Parlament diskutiert wird, muss Bezug genommen werden auf Vorgaben der Europ\u00e4ischen Union bei der Endlagerung der radioaktiven Abf\u00e4lle, die derzeit in Seibersdorf zwischengelagert &hellip; <a href=\"https:\/\/www.muettergegenatomgefahr.at\/?p=1051\">Weiterlesen <span class=\"meta-nav\">&rarr;<\/span><\/a><\/p>\n","protected":false},"author":2,"featured_media":0,"comment_status":"open","ping_status":"open","sticky":false,"template":"","format":"standard","meta":{"footnotes":""},"categories":[1],"tags":[],"class_list":["post-1051","post","type-post","status-publish","format-standard","hentry","category-allgemein"],"_links":{"self":[{"href":"https:\/\/www.muettergegenatomgefahr.at\/index.php?rest_route=\/wp\/v2\/posts\/1051","targetHints":{"allow":["GET"]}}],"collection":[{"href":"https:\/\/www.muettergegenatomgefahr.at\/index.php?rest_route=\/wp\/v2\/posts"}],"about":[{"href":"https:\/\/www.muettergegenatomgefahr.at\/index.php?rest_route=\/wp\/v2\/types\/post"}],"author":[{"embeddable":true,"href":"https:\/\/www.muettergegenatomgefahr.at\/index.php?rest_route=\/wp\/v2\/users\/2"}],"replies":[{"embeddable":true,"href":"https:\/\/www.muettergegenatomgefahr.at\/index.php?rest_route=%2Fwp%2Fv2%2Fcomments&post=1051"}],"version-history":[{"count":2,"href":"https:\/\/www.muettergegenatomgefahr.at\/index.php?rest_route=\/wp\/v2\/posts\/1051\/revisions"}],"predecessor-version":[{"id":1053,"href":"https:\/\/www.muettergegenatomgefahr.at\/index.php?rest_route=\/wp\/v2\/posts\/1051\/revisions\/1053"}],"wp:attachment":[{"href":"https:\/\/www.muettergegenatomgefahr.at\/index.php?rest_route=%2Fwp%2Fv2%2Fmedia&parent=1051"}],"wp:term":[{"taxonomy":"category","embeddable":true,"href":"https:\/\/www.muettergegenatomgefahr.at\/index.php?rest_route=%2Fwp%2Fv2%2Fcategories&post=1051"},{"taxonomy":"post_tag","embeddable":true,"href":"https:\/\/www.muettergegenatomgefahr.at\/index.php?rest_route=%2Fwp%2Fv2%2Ftags&post=1051"}],"curies":[{"name":"wp","href":"https:\/\/api.w.org\/{rel}","templated":true}]}}