{"id":1055,"date":"2015-11-10T11:43:22","date_gmt":"2015-11-10T09:43:22","guid":{"rendered":"http:\/\/www.muettergegenatomgefahr.at\/?p=1055"},"modified":"2015-11-10T11:43:22","modified_gmt":"2015-11-10T09:43:22","slug":"oesterreichs-atommuell-nationalraete-duerfen-strahlenschutz-novelle-nicht-einfach-durchs-parlament-winken","status":"publish","type":"post","link":"https:\/\/www.muettergegenatomgefahr.at\/?p=1055","title":{"rendered":"\u00d6sterreichs Atomm\u00fcll: Nationalr\u00e4te d\u00fcrfen Strahlenschutz-Novelle nicht einfach durchs Parlament winken"},"content":{"rendered":"<p><em>\u00d6sterreichisches Netzwerk Atomkraftfrei fordert: M\u00f6glichkeit des Exports und Imports von radioaktivem Abfall muss unterbunden werden!<\/em><\/p>\n<p class=\"text\"><i>Wien\/Linz\/Salzburg\/Bregenz (OTS)<\/i>\u00a0&#8211;\u00a0Kommenden Donnerstag (12. November) ist bei der Nationalratssitzung die Strahlenschutz-Novelle auf der Tagesordnung. Das derzeitige Strahlenschutzgesetz muss nach Vorgaben der Europ\u00e4ischen Union ge\u00e4ndert werden und man muss auf die Endlagerung der schwach- und mittelradioaktiven Abf\u00e4lle eingehen, die derzeit in Seibersdorf zwischengelagert werden.<\/p>\n<p class=\"text\">\u201eEs ist schon ein Armutszeugnis, dass die \u00f6sterreichische Politik eine Vorgabe aus Br\u00fcssel braucht, um sich mit der Endlagerung des \u00f6sterreichischen radioaktiven Abfalls auseinanderzusetzen. Aber wie unbefriedigend selbst das nun passiert, ist f\u00fcr den hehren Anspruch, den die \u00d6sterreicher_innen wohl zurecht an ihre politischen Vertreter_innen stellen, eine zus\u00e4tzliche Schande!\u201c, so die Vertreter des \u00d6sterreichischen Netzwerkes Atomkraftfrei (\u00d6NA).<\/p>\n<p class=\"text\">Besonders kritisiert wird, dass in der Strahlenschutz-Novelle der Export der schwach- und mittelradioaktiven Abf\u00e4lle erlaubt wird, andererseits auch dem Import kein Riegel vorgeschoben wird. Weiters sind keinerlei Anstrengungen f\u00fcr die Suche nach einem \u00f6sterreichischen Endlager auszumachen, und es wurde auch kein Datum fixiert, bis wann die derzeit in Seibersdorf gelagerten Abf\u00e4lle in ein Endlager zu verbringen sind.<\/p>\n<p class=\"text\">\u201eEs ist bedauerlich, dass der Umweltausschuss mehrheitlich f\u00fcr die Novelle gestimmt hat und nun eine Fassung der Novelle vorliegt, die weit davon entfernt ist, eine zufriedenstellende L\u00f6sung f\u00fcr den \u00f6sterreichischen Atomm\u00fcll zu liefern\u201c, sind sich die Vertreter des \u00d6NA einig.<\/p>\n<p class=\"text\">\u201eEin verantwortungsvoller Umgang mit den radioaktiven Abf\u00e4llen, die in \u00d6sterreich anfallen, schaut anders aus. Offenbar gef\u00e4llt man sich in der Rolle des gem\u00fctlichen Zuschauens und Abwartens, was sich wohl auf europ\u00e4ischer und internationaler Ebene bei der Endlagersuche tut, und ob man nicht den radioaktiven Abfall einfach exportieren k\u00f6nnte, anstatt in \u00d6sterreich selbst aktiv Vorsorge f\u00fcr die Lagerung der eigenen schwach- und mittelradioaktiven Abf\u00e4lle zu treffen! Wir appellieren deshalb eindringlich an die Parlamentarier, bei der Nationalratssitzung am 12. November die Novelle nicht einfach abzunicken, sondern zur\u00fcck an den Start zu schicken und sich f\u00fcr ernstzunehmende Konzepte bei der Endlagerung des \u00f6sterreichischen Atomm\u00fclls einzusetzen unter Einbindung etwa des \u00d6sterreichischen Netzwerks Atomkraftfrei und des \u00d6sterreichischen \u00d6kologieinstituts!\u201c, so das \u00d6NA abschlie\u00dfend.<\/p>\n<p class=\"text\">Anmerkung: Das \u00d6sterreichische Netzwerk Atomkraftfrei ist ein loser Zusammenschluss von Antiatom-Organisationen, wie dem Anti Atom Komitee, atomstopp_atomkraftfrei leben!, GLOBAL 2000, ISAD, Freist\u00e4dter M\u00fctter gegen Atomgefahr, Salzburger Plattform gegen Atomgefahren, SENECA, Vorarlberger Plattform gegen Atomgefahren, Wiener Plattform Atomkraftfrei und weitere.<\/p>\n<h3>R\u00fcckfragen &amp; Kontakt:<\/h3>\n<p class=\"text\">Roland Egger atomstopp_atomkraftfrei leben! +43 680 23 93 019<br \/>\nGabriele Schweiger Freist\u00e4dter M\u00fctter gegen Atomgefahr +43 680 33 33 625<br \/>\nReinhard Uhrig GLOBAL 2000 +43 699 14 2000 18<br \/>\nHeinz Stockinger Salzburger Plattform gegen Atomgefahren +43 662 643 567<\/p>\n","protected":false},"excerpt":{"rendered":"<p>\u00d6sterreichisches Netzwerk Atomkraftfrei fordert: M\u00f6glichkeit des Exports und Imports von radioaktivem Abfall muss unterbunden werden! Wien\/Linz\/Salzburg\/Bregenz (OTS)\u00a0&#8211;\u00a0Kommenden Donnerstag (12. November) ist bei der Nationalratssitzung die Strahlenschutz-Novelle auf der Tagesordnung. Das derzeitige Strahlenschutzgesetz muss nach Vorgaben der Europ\u00e4ischen Union ge\u00e4ndert werden &hellip; <a href=\"https:\/\/www.muettergegenatomgefahr.at\/?p=1055\">Weiterlesen <span class=\"meta-nav\">&rarr;<\/span><\/a><\/p>\n","protected":false},"author":2,"featured_media":0,"comment_status":"open","ping_status":"open","sticky":false,"template":"","format":"standard","meta":{"footnotes":""},"categories":[1],"tags":[],"class_list":["post-1055","post","type-post","status-publish","format-standard","hentry","category-allgemein"],"_links":{"self":[{"href":"https:\/\/www.muettergegenatomgefahr.at\/index.php?rest_route=\/wp\/v2\/posts\/1055","targetHints":{"allow":["GET"]}}],"collection":[{"href":"https:\/\/www.muettergegenatomgefahr.at\/index.php?rest_route=\/wp\/v2\/posts"}],"about":[{"href":"https:\/\/www.muettergegenatomgefahr.at\/index.php?rest_route=\/wp\/v2\/types\/post"}],"author":[{"embeddable":true,"href":"https:\/\/www.muettergegenatomgefahr.at\/index.php?rest_route=\/wp\/v2\/users\/2"}],"replies":[{"embeddable":true,"href":"https:\/\/www.muettergegenatomgefahr.at\/index.php?rest_route=%2Fwp%2Fv2%2Fcomments&post=1055"}],"version-history":[{"count":1,"href":"https:\/\/www.muettergegenatomgefahr.at\/index.php?rest_route=\/wp\/v2\/posts\/1055\/revisions"}],"predecessor-version":[{"id":1056,"href":"https:\/\/www.muettergegenatomgefahr.at\/index.php?rest_route=\/wp\/v2\/posts\/1055\/revisions\/1056"}],"wp:attachment":[{"href":"https:\/\/www.muettergegenatomgefahr.at\/index.php?rest_route=%2Fwp%2Fv2%2Fmedia&parent=1055"}],"wp:term":[{"taxonomy":"category","embeddable":true,"href":"https:\/\/www.muettergegenatomgefahr.at\/index.php?rest_route=%2Fwp%2Fv2%2Fcategories&post=1055"},{"taxonomy":"post_tag","embeddable":true,"href":"https:\/\/www.muettergegenatomgefahr.at\/index.php?rest_route=%2Fwp%2Fv2%2Ftags&post=1055"}],"curies":[{"name":"wp","href":"https:\/\/api.w.org\/{rel}","templated":true}]}}