{"id":1067,"date":"2015-12-14T12:36:31","date_gmt":"2015-12-14T10:36:31","guid":{"rendered":"http:\/\/www.muettergegenatomgefahr.at\/?p=1067"},"modified":"2015-12-14T12:36:31","modified_gmt":"2015-12-14T10:36:31","slug":"atomstopp-tschechische-atomaufsicht-sujb-verschiebt-entscheidung-ueber-gefahrzeitverlaengerung-fuer-dukovany-auf-maerz-2016","status":"publish","type":"post","link":"https:\/\/www.muettergegenatomgefahr.at\/?p=1067","title":{"rendered":"atomstopp: Tschechische Atomaufsicht SUJB verschiebt Entscheidung \u00fcber Gefahrzeitverl\u00e4ngerung f\u00fcr Dukovany auf M\u00e4rz 2016"},"content":{"rendered":"<p><b class=\"head\"><\/b><b class=\"news_titel\">\u00a0\u00a0<\/b><em><span class=\"news_untertitel\">\u00d6sterreichisches Umweltministerium muss Umweltvertr\u00e4glichkeitspr\u00fcfung verlangen<\/span><\/em><\/p>\n<p><span class=\"news_text\">\u201eDass die tschechische Atomaufsicht SUJB nach den alarmierenden Meldungen \u00fcber die mangelhaften Schwei\u00dfn\u00e4hte im Atomkraftwerk Dukovany die Entscheidung \u00fcber die Laufzeitverl\u00e4ngerung auf M\u00e4rz 2016 verschiebt, ist ein Eingest\u00e4ndnis, dass man nicht einfach zur Tagesordnung \u00fcbergehen kann und das Vertrauen in den Atomkonzern wohl nachhaltig ersch\u00fcttert ist\u201c, so Roland Egger und Gabriele Schweiger, Sprecher von atomstopp_oberoesterreich in einer Reaktion auf heutige tschechische Medienberichte.<\/p>\n<p>\u201eEs liegt der Verdacht nahe, dass SUJB damit versucht, ein wenig Gras \u00fcber die Sache wachsen zu lassen, bevor die gew\u00fcnschte Laufzeitverl\u00e4ngerung der beiden \u00e4lteren Reaktoren in Dukovany reibungslos \u00fcber die B\u00fchne gebracht werden kann. Um so unverst\u00e4ndlicher ist es, dass das \u00f6sterreichische Umweltministerium immer noch nicht auf die Idee gekommen ist, die alarmierenden Meldungen zum Anlass zu nehmen, eine Umweltvertr\u00e4glichkeitspr\u00fcfung zur geplanten Gefahrzeitverl\u00e4ngerung von Dukovany einzufordern! Vor dem Bekanntwerden der mangelhaften Schwei\u00dfn\u00e4hte, bei der \u00dcbergabe von 35.000 Unterschriften f\u00fcr eine UVP f\u00fcr Dukovany im Feber 2015, meinte Umweltminister Rupprechter sogar noch diplomatisch, die tschechische Regierung w\u00fcrde sich grunds\u00e4tzlich positiv zu einer UVP positionieren.\u201c, so Egger und Schweiger weiter.<\/p>\n<p>\u201eDie Zeit der Diplomatie sollte angesichts der Vorg\u00e4nge in Dukovany vorbei sein. Aus unserer Sicht muss das \u00f6sterreichische Umweltministerium vehement f\u00fcr eine UVP eintreten und dazu alle ihr zustehenden Mittel einsetzen. Das ist das Mindeste, dass sich die Bev\u00f6lkerung von ihrem Umweltminister erwartet!\u201c, so Egger und Schweiger abschlie\u00dfend.<\/p>\n<p>Weitere Informationen:<br \/>\nRoland Egger + 43 680 23 93 019<br \/>\nGabriele Schweiger + 43 680 33 33 625<\/span><\/p>\n","protected":false},"excerpt":{"rendered":"<p>\u00a0\u00a0\u00d6sterreichisches Umweltministerium muss Umweltvertr\u00e4glichkeitspr\u00fcfung verlangen \u201eDass die tschechische Atomaufsicht SUJB nach den alarmierenden Meldungen \u00fcber die mangelhaften Schwei\u00dfn\u00e4hte im Atomkraftwerk Dukovany die Entscheidung \u00fcber die Laufzeitverl\u00e4ngerung auf M\u00e4rz 2016 verschiebt, ist ein Eingest\u00e4ndnis, dass man nicht einfach zur Tagesordnung \u00fcbergehen &hellip; <a href=\"https:\/\/www.muettergegenatomgefahr.at\/?p=1067\">Weiterlesen <span class=\"meta-nav\">&rarr;<\/span><\/a><\/p>\n","protected":false},"author":2,"featured_media":0,"comment_status":"open","ping_status":"open","sticky":false,"template":"","format":"standard","meta":{"footnotes":""},"categories":[1],"tags":[],"class_list":["post-1067","post","type-post","status-publish","format-standard","hentry","category-allgemein"],"_links":{"self":[{"href":"https:\/\/www.muettergegenatomgefahr.at\/index.php?rest_route=\/wp\/v2\/posts\/1067","targetHints":{"allow":["GET"]}}],"collection":[{"href":"https:\/\/www.muettergegenatomgefahr.at\/index.php?rest_route=\/wp\/v2\/posts"}],"about":[{"href":"https:\/\/www.muettergegenatomgefahr.at\/index.php?rest_route=\/wp\/v2\/types\/post"}],"author":[{"embeddable":true,"href":"https:\/\/www.muettergegenatomgefahr.at\/index.php?rest_route=\/wp\/v2\/users\/2"}],"replies":[{"embeddable":true,"href":"https:\/\/www.muettergegenatomgefahr.at\/index.php?rest_route=%2Fwp%2Fv2%2Fcomments&post=1067"}],"version-history":[{"count":1,"href":"https:\/\/www.muettergegenatomgefahr.at\/index.php?rest_route=\/wp\/v2\/posts\/1067\/revisions"}],"predecessor-version":[{"id":1068,"href":"https:\/\/www.muettergegenatomgefahr.at\/index.php?rest_route=\/wp\/v2\/posts\/1067\/revisions\/1068"}],"wp:attachment":[{"href":"https:\/\/www.muettergegenatomgefahr.at\/index.php?rest_route=%2Fwp%2Fv2%2Fmedia&parent=1067"}],"wp:term":[{"taxonomy":"category","embeddable":true,"href":"https:\/\/www.muettergegenatomgefahr.at\/index.php?rest_route=%2Fwp%2Fv2%2Fcategories&post=1067"},{"taxonomy":"post_tag","embeddable":true,"href":"https:\/\/www.muettergegenatomgefahr.at\/index.php?rest_route=%2Fwp%2Fv2%2Ftags&post=1067"}],"curies":[{"name":"wp","href":"https:\/\/api.w.org\/{rel}","templated":true}]}}