{"id":1089,"date":"2016-02-19T14:04:31","date_gmt":"2016-02-19T12:04:31","guid":{"rendered":"http:\/\/www.muettergegenatomgefahr.at\/?p=1089"},"modified":"2016-02-19T14:04:31","modified_gmt":"2016-02-19T12:04:31","slug":"atomstopp-mit-30-laeufer_innen-beim-linz-marathon-fuer-den-europaweiten-atomausstieg","status":"publish","type":"post","link":"https:\/\/www.muettergegenatomgefahr.at\/?p=1089","title":{"rendered":"atomstopp: Mit 30 L\u00e4ufer_innen beim Linz Marathon f\u00fcr den europaweiten Atomausstieg\u00a0\u00a0"},"content":{"rendered":"<p><em><span class=\"news_untertitel\">L\u00e4uferischer Fixpunkt seit 10 Jahren <\/span><\/em><\/p>\n<p><span class=\"news_text\">\u201eWir freuen uns, dass auch heuer wieder L\u00e4ufer_innen in allen Disziplinen am 3. April beim Linz Marathon starten werden und ein Zeichen f\u00fcr den europaweiten Atomausstieg setzen!\u201c, so Roland Egger und Gabriele Schweiger, Sprecher von atomstopp_oberoesterreich.<\/p>\n<p>Seit 10 Jahren ist atomstopp mittlerweile beim Linz Marathon vertreten. Begonnen mit dem Lauf eines einzelnen Vorstandsmitglieds hat sich der Linz Marathon in der Zwischenzeit zu einem l\u00e4uferischen Fixpunkt f\u00fcr die Unterst\u00fctzer_innen des Vereins entwickelt.<\/p>\n<p>\u201eWir werden auch heuer mit dem Motto \u201e\u00d6sterreich \u2013 Raus aus EURATOM\u201c an den Start gehen. Der Atomf\u00f6rderverein EURATOM ist ein Stolperstein f\u00fcr den europaweiten Atomausstieg und die Mitgliedschaft \u00d6sterreichs dabei im v\u00f6lligen Widerspruch zur Antiatom-Einstellung der \u00f6sterreichischen Bev\u00f6lkerung. Wer den europaweiten Atomausstieg will, muss sich f\u00fcr ein Ende des Atomf\u00f6rdervereins EURATOM einsetzen. Alles andere bleibt sch\u00f6ne Sonntagsrederei!\u201c, sind Egger und Schweiger \u00fcberzeugt.<\/p>\n<p>Weitere Informationen:<br \/>\nRoland Egger +43 680 23 93 019<br \/>\nGabriele Schweiger +43 680 33 33 625<\/span><\/p>\n","protected":false},"excerpt":{"rendered":"<p>L\u00e4uferischer Fixpunkt seit 10 Jahren \u201eWir freuen uns, dass auch heuer wieder L\u00e4ufer_innen in allen Disziplinen am 3. April beim Linz Marathon starten werden und ein Zeichen f\u00fcr den europaweiten Atomausstieg setzen!\u201c, so Roland Egger und Gabriele Schweiger, Sprecher von &hellip; <a href=\"https:\/\/www.muettergegenatomgefahr.at\/?p=1089\">Weiterlesen <span class=\"meta-nav\">&rarr;<\/span><\/a><\/p>\n","protected":false},"author":2,"featured_media":0,"comment_status":"open","ping_status":"open","sticky":false,"template":"","format":"standard","meta":{"footnotes":""},"categories":[1],"tags":[],"class_list":["post-1089","post","type-post","status-publish","format-standard","hentry","category-allgemein"],"_links":{"self":[{"href":"https:\/\/www.muettergegenatomgefahr.at\/index.php?rest_route=\/wp\/v2\/posts\/1089","targetHints":{"allow":["GET"]}}],"collection":[{"href":"https:\/\/www.muettergegenatomgefahr.at\/index.php?rest_route=\/wp\/v2\/posts"}],"about":[{"href":"https:\/\/www.muettergegenatomgefahr.at\/index.php?rest_route=\/wp\/v2\/types\/post"}],"author":[{"embeddable":true,"href":"https:\/\/www.muettergegenatomgefahr.at\/index.php?rest_route=\/wp\/v2\/users\/2"}],"replies":[{"embeddable":true,"href":"https:\/\/www.muettergegenatomgefahr.at\/index.php?rest_route=%2Fwp%2Fv2%2Fcomments&post=1089"}],"version-history":[{"count":1,"href":"https:\/\/www.muettergegenatomgefahr.at\/index.php?rest_route=\/wp\/v2\/posts\/1089\/revisions"}],"predecessor-version":[{"id":1090,"href":"https:\/\/www.muettergegenatomgefahr.at\/index.php?rest_route=\/wp\/v2\/posts\/1089\/revisions\/1090"}],"wp:attachment":[{"href":"https:\/\/www.muettergegenatomgefahr.at\/index.php?rest_route=%2Fwp%2Fv2%2Fmedia&parent=1089"}],"wp:term":[{"taxonomy":"category","embeddable":true,"href":"https:\/\/www.muettergegenatomgefahr.at\/index.php?rest_route=%2Fwp%2Fv2%2Fcategories&post=1089"},{"taxonomy":"post_tag","embeddable":true,"href":"https:\/\/www.muettergegenatomgefahr.at\/index.php?rest_route=%2Fwp%2Fv2%2Ftags&post=1089"}],"curies":[{"name":"wp","href":"https:\/\/api.w.org\/{rel}","templated":true}]}}