{"id":1094,"date":"2016-03-02T12:06:17","date_gmt":"2016-03-02T10:06:17","guid":{"rendered":"http:\/\/www.muettergegenatomgefahr.at\/?p=1094"},"modified":"2016-03-02T12:06:17","modified_gmt":"2016-03-02T10:06:17","slug":"fukushima_5-tschernobyl_30-ankuendigung-einer-fotoausstellung-von-gedenktag-zu-gedenktag","status":"publish","type":"post","link":"https:\/\/www.muettergegenatomgefahr.at\/?p=1094","title":{"rendered":"Fukushima_5, Tschernobyl_30: Ank\u00fcndigung einer Fotoausstellung von Gedenktag zu Gedenktag"},"content":{"rendered":"<p><em>Ausstellungser\u00f6ffnung am 10. M\u00e4rz um 18 Uhr, Wissensturm Linz durch Stadtr\u00e4tin Mag.<sup>a<\/sup> Eva Schobesberger<\/em><\/p>\n<p>Heuer j\u00e4hren sich die Reaktorkatastrophen von Fukushima zum f\u00fcnften Mal und von Tschernobyl zum drei\u00dfigsten Mal. Das ist der Anlass f\u00fcr atomstopp_oberoesterreich in einer Fotoausstellung den radioaktiv verseuchten, auf Jahrhunderte unbewohnbaren Zonen Tribut zu zollen und die Folgen f\u00fcr die Menschen vor Augen zu f\u00fchren.<\/p>\n<p><a href=\"https:\/\/vhskurs.linz.gv.at\/index.php?kathaupt=11&amp;knr=15.61485&amp;kursname=Ausstellungseroeffnung+FUKUSHIMA_5+-+TSCHERNOBYL_30\" target=\"_blank\">\u00a0Die Ausstellungser\u00f6ffnung findet am 10. M\u00e4rz um 18 Uhr durch Stadtr\u00e4tin Mag.<sup>a<\/sup> Eva Schobesberger statt, und zwar im Foyer des Wissensturms in Linz.<\/a><\/p>\n<p>Die Fotos der Ausstellung wurden von Harald Steinbichl, der mehrmals in der Zone rund um Tschernobyl und auch in Fukushima war, zur Verf\u00fcgung gestellt.<\/p>\n<p>Die Ausstellung wird von 11. M\u00e4rz bis 26. April frei zug\u00e4nglich sein, werktags von 8 bis 18 Uhr.<\/p>\n<p><a href=\"http:\/\/www.atomstopp.at\" target=\"_blank\">atomstopp_oberoesterreich<\/a> <em>ist der lose Zusammenschluss der Antiatom-Organisationen atomstopp_atomkraftfrei leben! (Linz) und M\u00fctter gegen Atomgefahr (Freistadt). Die Vereine eint das Bestreben nach einem europaweiten Atomausstieg, insbesondere das Ende der F\u00f6rderung der Atomindustrie \u00fcber den EURATOM-Vertrag.<\/em><\/p>\n<p>Weitere Informationen:<\/p>\n<p>Gabriele Schweiger + 43 680 33 33 625<\/p>\n<p>Roland Egger +43 680 23 93 019<\/p>\n","protected":false},"excerpt":{"rendered":"<p>Ausstellungser\u00f6ffnung am 10. M\u00e4rz um 18 Uhr, Wissensturm Linz durch Stadtr\u00e4tin Mag.a Eva Schobesberger Heuer j\u00e4hren sich die Reaktorkatastrophen von Fukushima zum f\u00fcnften Mal und von Tschernobyl zum drei\u00dfigsten Mal. Das ist der Anlass f\u00fcr atomstopp_oberoesterreich in einer Fotoausstellung den &hellip; <a href=\"https:\/\/www.muettergegenatomgefahr.at\/?p=1094\">Weiterlesen <span class=\"meta-nav\">&rarr;<\/span><\/a><\/p>\n","protected":false},"author":2,"featured_media":0,"comment_status":"open","ping_status":"open","sticky":false,"template":"","format":"standard","meta":{"footnotes":""},"categories":[1],"tags":[],"class_list":["post-1094","post","type-post","status-publish","format-standard","hentry","category-allgemein"],"_links":{"self":[{"href":"https:\/\/www.muettergegenatomgefahr.at\/index.php?rest_route=\/wp\/v2\/posts\/1094","targetHints":{"allow":["GET"]}}],"collection":[{"href":"https:\/\/www.muettergegenatomgefahr.at\/index.php?rest_route=\/wp\/v2\/posts"}],"about":[{"href":"https:\/\/www.muettergegenatomgefahr.at\/index.php?rest_route=\/wp\/v2\/types\/post"}],"author":[{"embeddable":true,"href":"https:\/\/www.muettergegenatomgefahr.at\/index.php?rest_route=\/wp\/v2\/users\/2"}],"replies":[{"embeddable":true,"href":"https:\/\/www.muettergegenatomgefahr.at\/index.php?rest_route=%2Fwp%2Fv2%2Fcomments&post=1094"}],"version-history":[{"count":1,"href":"https:\/\/www.muettergegenatomgefahr.at\/index.php?rest_route=\/wp\/v2\/posts\/1094\/revisions"}],"predecessor-version":[{"id":1095,"href":"https:\/\/www.muettergegenatomgefahr.at\/index.php?rest_route=\/wp\/v2\/posts\/1094\/revisions\/1095"}],"wp:attachment":[{"href":"https:\/\/www.muettergegenatomgefahr.at\/index.php?rest_route=%2Fwp%2Fv2%2Fmedia&parent=1094"}],"wp:term":[{"taxonomy":"category","embeddable":true,"href":"https:\/\/www.muettergegenatomgefahr.at\/index.php?rest_route=%2Fwp%2Fv2%2Fcategories&post=1094"},{"taxonomy":"post_tag","embeddable":true,"href":"https:\/\/www.muettergegenatomgefahr.at\/index.php?rest_route=%2Fwp%2Fv2%2Ftags&post=1094"}],"curies":[{"name":"wp","href":"https:\/\/api.w.org\/{rel}","templated":true}]}}