{"id":1097,"date":"2016-03-15T15:13:38","date_gmt":"2016-03-15T13:13:38","guid":{"rendered":"http:\/\/www.muettergegenatomgefahr.at\/?p=1097"},"modified":"2016-03-15T15:13:38","modified_gmt":"2016-03-15T13:13:38","slug":"atomstopp-euratom-enquete-zum-60-gruendungstag-der-foerderung-der-europaeischen-atomindustrie","status":"publish","type":"post","link":"https:\/\/www.muettergegenatomgefahr.at\/?p=1097","title":{"rendered":"atomstopp:\u00a0EURATOM-Enquete zum 60. Gr\u00fcndungstag der F\u00f6rderung der europ\u00e4ischen Atomindustrie"},"content":{"rendered":"<p><em>Nationalrat muss am 17. M\u00e4rz Mitgliedschaft \u00d6sterreichs beim Atomf\u00f6rderverein\u00a0EURATOM\u00a0hinterfragen!<\/em><\/p>\n<p>Linz (OTS) &#8211; Seit 1957 f\u00f6rdert\u00a0EURATOM\u00a0die europ\u00e4ische Atomindustrie. \u00d6sterreich ist Mitglied und jede_r \u00d6sterreicher_in muss mit ihren_seinen Steuergeldern am raschen Aufbau einer m\u00e4chtigen europ\u00e4ischen Atomindustrie mitzahlen. So steht es sinngem\u00e4\u00df in der Pr\u00e4ambel zum\u00a0EURATOM-Vertrag. Mittlerweile ist von Aufbau aber keine Rede mehr, vielmehr geht es um das \u00dcberleben der Atomindustrie mithilfe von\u00a0EURATOM.<\/p>\n<p>\u201eDass manche in \u00d6sterreich\u00a0EURATOM, also den Atomf\u00f6rderverein, als eher unbedeutend einsch\u00e4tzen, verwundert. Die Entscheidung der EU-Kommission f\u00fcr die Milliardensubventionen des britischen Atomkraftwerks Hinkley Point C gr\u00fcndet argumentativ wesentlich auf\u00a0EURATOM!\u201c, so Roland Egger und Gabriele Schweiger, Sprecher von atomstopp_oberoesterreich.<\/p>\n<p>\u201eAm 17. M\u00e4rz wird im Nationalrat \u00fcber unsere B\u00fcrgerinitiative f\u00fcr die Abhaltung einer\u00a0EURATOM-Enquete abgestimmt werden. Bei dieser Enquete sollen nach ausgewogener Argumentation alle Volksvertreter_innen sich klar deklarieren, ob sie weiterhin an \u00d6sterreichs Mitgliedschaft bei\u00a0EURATOM\u00a0und damit an einer F\u00f6rderung der Atomindustrie mit \u00f6sterreichischen Steuergeldern festhalten wollen. 2017 wird der 60. Gr\u00fcndungstag der F\u00f6rderung der europ\u00e4ischen Atomindustrie begangen. Und dieser Anlass sollte Grund genug sein, \u00fcber die fortgesetzte F\u00f6rderung einer Hochrisikotechnologie nachzudenken \u2013 noch logischer und vern\u00fcnftiger w\u00e4re es allerdings, wenn sich die \u00f6sterreichischen Politiker_innen auf der Regierungsbank f\u00fcr einen Ausstieg aus\u00a0EURATOM\u00a0entscheiden w\u00fcrden und damit dem Willen der \u00d6sterreicher_innen Rechnung tragen, die Atomkraft zweifelsfrei ablehnen!\u201c, so Egger und Schweiger weiter.<\/p>\n<p>\u201eWir appellieren an die Nationalr\u00e4t_innen: Erm\u00f6glichen Sie die\u00a0EURATOM-Enquete und setzen Sie sich f\u00fcr den Ausstieg \u00d6sterreichs aus\u00a0EURATOM ein!\u201c, schlie\u00dfen Egger und Schweiger.<\/p>\n<p>R\u00fcckfragehinweis:<br \/>\nRoland Egger + 43 680 23 93 019<br \/>\nGabriele Schweiger + 43 680 33 33 625<\/p>\n","protected":false},"excerpt":{"rendered":"<p>Nationalrat muss am 17. M\u00e4rz Mitgliedschaft \u00d6sterreichs beim Atomf\u00f6rderverein\u00a0EURATOM\u00a0hinterfragen! Linz (OTS) &#8211; Seit 1957 f\u00f6rdert\u00a0EURATOM\u00a0die europ\u00e4ische Atomindustrie. \u00d6sterreich ist Mitglied und jede_r \u00d6sterreicher_in muss mit ihren_seinen Steuergeldern am raschen Aufbau einer m\u00e4chtigen europ\u00e4ischen Atomindustrie mitzahlen. So steht es sinngem\u00e4\u00df in &hellip; <a href=\"https:\/\/www.muettergegenatomgefahr.at\/?p=1097\">Weiterlesen <span class=\"meta-nav\">&rarr;<\/span><\/a><\/p>\n","protected":false},"author":2,"featured_media":0,"comment_status":"open","ping_status":"open","sticky":false,"template":"","format":"standard","meta":{"footnotes":""},"categories":[1],"tags":[],"class_list":["post-1097","post","type-post","status-publish","format-standard","hentry","category-allgemein"],"_links":{"self":[{"href":"https:\/\/www.muettergegenatomgefahr.at\/index.php?rest_route=\/wp\/v2\/posts\/1097","targetHints":{"allow":["GET"]}}],"collection":[{"href":"https:\/\/www.muettergegenatomgefahr.at\/index.php?rest_route=\/wp\/v2\/posts"}],"about":[{"href":"https:\/\/www.muettergegenatomgefahr.at\/index.php?rest_route=\/wp\/v2\/types\/post"}],"author":[{"embeddable":true,"href":"https:\/\/www.muettergegenatomgefahr.at\/index.php?rest_route=\/wp\/v2\/users\/2"}],"replies":[{"embeddable":true,"href":"https:\/\/www.muettergegenatomgefahr.at\/index.php?rest_route=%2Fwp%2Fv2%2Fcomments&post=1097"}],"version-history":[{"count":1,"href":"https:\/\/www.muettergegenatomgefahr.at\/index.php?rest_route=\/wp\/v2\/posts\/1097\/revisions"}],"predecessor-version":[{"id":1098,"href":"https:\/\/www.muettergegenatomgefahr.at\/index.php?rest_route=\/wp\/v2\/posts\/1097\/revisions\/1098"}],"wp:attachment":[{"href":"https:\/\/www.muettergegenatomgefahr.at\/index.php?rest_route=%2Fwp%2Fv2%2Fmedia&parent=1097"}],"wp:term":[{"taxonomy":"category","embeddable":true,"href":"https:\/\/www.muettergegenatomgefahr.at\/index.php?rest_route=%2Fwp%2Fv2%2Fcategories&post=1097"},{"taxonomy":"post_tag","embeddable":true,"href":"https:\/\/www.muettergegenatomgefahr.at\/index.php?rest_route=%2Fwp%2Fv2%2Ftags&post=1097"}],"curies":[{"name":"wp","href":"https:\/\/api.w.org\/{rel}","templated":true}]}}