{"id":1102,"date":"2016-04-05T00:22:11","date_gmt":"2016-04-04T22:22:11","guid":{"rendered":"http:\/\/www.muettergegenatomgefahr.at\/?p=1102"},"modified":"2016-04-05T00:22:11","modified_gmt":"2016-04-04T22:22:11","slug":"atomstopp-pinc-2016-%c2%96-wenn-sich-die-eu-kommission-die-zukunft-der-atomenergie-rosarot-ausmalt","status":"publish","type":"post","link":"https:\/\/www.muettergegenatomgefahr.at\/?p=1102","title":{"rendered":"atomstopp: PINC 2016 \u0096 Wenn sich die EU-Kommission die Zukunft der Atomenergie rosarot ausmalt!"},"content":{"rendered":"<p><em>Fernab jeder Realit\u00e4t ganz im Zeichen des Atomf\u00f6rdervereins<\/em> EURATOM<\/p>\n<p>\u0084&#8220;Wer erwartet, dass die EU-Kommission einen kritischen Blick auf die Zukunft der Atomenergie in Europa wirft, hat wohl vergessen, dass mit dem Atomf\u00f6rderverein EURATOM eben genau das nicht m\u00f6glich ist. Die Atomenergie ist zu f\u00f6rdern, der rasche Aufbau einer starken Atomenergie in Europa zu sichern. Das ist das Programm der EU-Kommission und wer wissen m\u00f6chte, wie es ausschaut, wenn sich die EU-Kommission die Zukunft der Atomenergie rosarot ausmalt, muss nur einen Blick in das heute ver\u00f6ffentlichte PINC 2016, das Nuclear Illustrative Programme, werfen, das aufgrund der Vorgaben des EURATOM-Vertrags eine immer wieder notgedrungen optimistische Sichtweise widerspiegelt\u0093&#8220;, so Roland Egger und Gabriele Schweiger, Sprecher von atomstopp_oberoesterreich.<\/p>\n<p>\u0084&#8220;Dass dieser rosarote Blick keineswegs der f\u00fcr die Atomlobby harten Realit\u00e4t standh\u00e4lt, hat sich schon herumgesprochen. Die Atomkraft ist nicht wirtschaftlich \u00fcberlebensf\u00e4hig, ohne massive staatliche Subventionen, ohne den Atomf\u00f6rderverein EURATOM. Wer den europaweiten Atomausstieg will, wird um die Frage nach EURATOM nicht herumkommen und je fr\u00fcher die \u00f6ffentliche Unterst\u00fctzung f\u00fcr EURATOM entzogen wird, umso besser!\u0093&#8220;, so Egger und Schweiger abschlie\u00dfend.<\/p>\n<p>Weitere Informationen:<br \/>\nRoland Egger + 43 680 23 93 019<br \/>\nGabriele Schweiger +43 680 33 33 625<\/p>\n","protected":false},"excerpt":{"rendered":"<p>Fernab jeder Realit\u00e4t ganz im Zeichen des Atomf\u00f6rdervereins EURATOM \u0084&#8220;Wer erwartet, dass die EU-Kommission einen kritischen Blick auf die Zukunft der Atomenergie in Europa wirft, hat wohl vergessen, dass mit dem Atomf\u00f6rderverein EURATOM eben genau das nicht m\u00f6glich ist. Die &hellip; <a href=\"https:\/\/www.muettergegenatomgefahr.at\/?p=1102\">Weiterlesen <span class=\"meta-nav\">&rarr;<\/span><\/a><\/p>\n","protected":false},"author":2,"featured_media":0,"comment_status":"open","ping_status":"open","sticky":false,"template":"","format":"standard","meta":{"footnotes":""},"categories":[1],"tags":[],"class_list":["post-1102","post","type-post","status-publish","format-standard","hentry","category-allgemein"],"_links":{"self":[{"href":"https:\/\/www.muettergegenatomgefahr.at\/index.php?rest_route=\/wp\/v2\/posts\/1102","targetHints":{"allow":["GET"]}}],"collection":[{"href":"https:\/\/www.muettergegenatomgefahr.at\/index.php?rest_route=\/wp\/v2\/posts"}],"about":[{"href":"https:\/\/www.muettergegenatomgefahr.at\/index.php?rest_route=\/wp\/v2\/types\/post"}],"author":[{"embeddable":true,"href":"https:\/\/www.muettergegenatomgefahr.at\/index.php?rest_route=\/wp\/v2\/users\/2"}],"replies":[{"embeddable":true,"href":"https:\/\/www.muettergegenatomgefahr.at\/index.php?rest_route=%2Fwp%2Fv2%2Fcomments&post=1102"}],"version-history":[{"count":1,"href":"https:\/\/www.muettergegenatomgefahr.at\/index.php?rest_route=\/wp\/v2\/posts\/1102\/revisions"}],"predecessor-version":[{"id":1103,"href":"https:\/\/www.muettergegenatomgefahr.at\/index.php?rest_route=\/wp\/v2\/posts\/1102\/revisions\/1103"}],"wp:attachment":[{"href":"https:\/\/www.muettergegenatomgefahr.at\/index.php?rest_route=%2Fwp%2Fv2%2Fmedia&parent=1102"}],"wp:term":[{"taxonomy":"category","embeddable":true,"href":"https:\/\/www.muettergegenatomgefahr.at\/index.php?rest_route=%2Fwp%2Fv2%2Fcategories&post=1102"},{"taxonomy":"post_tag","embeddable":true,"href":"https:\/\/www.muettergegenatomgefahr.at\/index.php?rest_route=%2Fwp%2Fv2%2Ftags&post=1102"}],"curies":[{"name":"wp","href":"https:\/\/api.w.org\/{rel}","templated":true}]}}