{"id":1105,"date":"2016-04-10T11:31:24","date_gmt":"2016-04-10T09:31:24","guid":{"rendered":"http:\/\/www.muettergegenatomgefahr.at\/?p=1105"},"modified":"2016-04-10T11:31:24","modified_gmt":"2016-04-10T09:31:24","slug":"atomstopp-gefahrzeitverlaengerung-von-akw-dukovany-besorgniserregend","status":"publish","type":"post","link":"https:\/\/www.muettergegenatomgefahr.at\/?p=1105","title":{"rendered":"atomstopp: Gefahrzeitverl\u00e4ngerung von AKW Dukovany besorgniserregend!"},"content":{"rendered":"<p><b class=\"head\"><\/b><b class=\"news_titel\">\u00a0<\/b><em><span class=\"news_untertitel\">Bundespr\u00e4sident Fischer darf es beim Staatsbesuch in Tschechien nicht bei diplomatischen Floskeln belassen <\/span><\/em><\/p>\n<p><span class=\"news_text\">\u201eDass die tschechische Atomaufsicht SUJB die Gefahrzeit f\u00fcr das Atomkraftwerk Dukovany f\u00fcr weitere 10 Jahre verl\u00e4ngert hat, ohne dass eine international \u00fcbliche Umweltvertr\u00e4glichkeitspr\u00fcfung vorgenommen wurde, ist aus unserer Sicht besorgniserregend. Gerade das AKW Dukovany machte in den vergangenen Monaten international Schlagzeilen als bekannt wurde, dass bei der Kontrolle der Schwei\u00dfn\u00e4hte der Schlendrian Programm war.\u201c, so Roland Egger und Gabriele Schweiger, Sprecher von atomstopp_oberoesterreich.<\/p>\n<p>\u201eBundespr\u00e4sident Fischer wird morgen zu seinem letzten Staatsbesuch in die Tschechische Republik aufbrechen und wir gehen davon aus, dass er die guten Beziehungen zwischen Wien und Prag loben und gleichzeitig festhalten wird, dass \u00d6sterreich und die Tschechische Republik unterschiedliche Auffassungen hinsichtlich der Nutzung der Atomenergie haben.\u201c, so Egger und Schweiger weiter.<\/p>\n<p>\u201eUns gen\u00fcgt es aber l\u00e4ngst nicht, dass Bundespr\u00e4sident Fischer sich in diplomatischen Ansagen \u00fcbt. Vielmehr erwarten wir, dass er unsere Besorgnis zur Gefahrzeitverl\u00e4ngerung des AKW Dukovany zum Ausdruck bringt und dar\u00fcber hinaus in Prag darauf hinweist, dass das Einhalten international \u00fcblicher Regeln bei Umweltvertr\u00e4glichkeitspr\u00fcfungen zur St\u00e4rkung der nachbarschaftlichen Beziehungen ganz besonders beitragen kann.\u201c, so Egger und Schweiger weiter.<\/p>\n<p>\u201eVon einem \u00f6sterreichischen Bundespr\u00e4sidenten erwarten wir uns, dass er die Anliegen von Umweltorganisationen ernst nimmt und auch als Korrektiv auftritt, wenn die eigene Bundesregierung s\u00e4umig ist: Unbestritten ist n\u00e4mlich, dass die \u00f6sterreichische Bundesregierung im Fall der Gefahrzeitverl\u00e4ngerung von Dukovany energisch und entschieden auftreten k\u00f6nnte, es jedoch verabs\u00e4umt, auf international \u00fcbliche Umweltvertr\u00e4glichkeitspr\u00fcfung zu bestehen.\u201c, so Egger und Schweiger abschlie\u00dfend.<\/p>\n<p>Weitere Informationen:<br \/>\nRoland Egger + 43 680 23 93 019<br \/>\nGabriele Schweiger + 43 680 33 33 625<\/span><\/p>\n","protected":false},"excerpt":{"rendered":"<p>\u00a0Bundespr\u00e4sident Fischer darf es beim Staatsbesuch in Tschechien nicht bei diplomatischen Floskeln belassen \u201eDass die tschechische Atomaufsicht SUJB die Gefahrzeit f\u00fcr das Atomkraftwerk Dukovany f\u00fcr weitere 10 Jahre verl\u00e4ngert hat, ohne dass eine international \u00fcbliche Umweltvertr\u00e4glichkeitspr\u00fcfung vorgenommen wurde, ist aus &hellip; <a href=\"https:\/\/www.muettergegenatomgefahr.at\/?p=1105\">Weiterlesen <span class=\"meta-nav\">&rarr;<\/span><\/a><\/p>\n","protected":false},"author":2,"featured_media":0,"comment_status":"open","ping_status":"open","sticky":false,"template":"","format":"standard","meta":{"footnotes":""},"categories":[1],"tags":[],"class_list":["post-1105","post","type-post","status-publish","format-standard","hentry","category-allgemein"],"_links":{"self":[{"href":"https:\/\/www.muettergegenatomgefahr.at\/index.php?rest_route=\/wp\/v2\/posts\/1105","targetHints":{"allow":["GET"]}}],"collection":[{"href":"https:\/\/www.muettergegenatomgefahr.at\/index.php?rest_route=\/wp\/v2\/posts"}],"about":[{"href":"https:\/\/www.muettergegenatomgefahr.at\/index.php?rest_route=\/wp\/v2\/types\/post"}],"author":[{"embeddable":true,"href":"https:\/\/www.muettergegenatomgefahr.at\/index.php?rest_route=\/wp\/v2\/users\/2"}],"replies":[{"embeddable":true,"href":"https:\/\/www.muettergegenatomgefahr.at\/index.php?rest_route=%2Fwp%2Fv2%2Fcomments&post=1105"}],"version-history":[{"count":1,"href":"https:\/\/www.muettergegenatomgefahr.at\/index.php?rest_route=\/wp\/v2\/posts\/1105\/revisions"}],"predecessor-version":[{"id":1106,"href":"https:\/\/www.muettergegenatomgefahr.at\/index.php?rest_route=\/wp\/v2\/posts\/1105\/revisions\/1106"}],"wp:attachment":[{"href":"https:\/\/www.muettergegenatomgefahr.at\/index.php?rest_route=%2Fwp%2Fv2%2Fmedia&parent=1105"}],"wp:term":[{"taxonomy":"category","embeddable":true,"href":"https:\/\/www.muettergegenatomgefahr.at\/index.php?rest_route=%2Fwp%2Fv2%2Fcategories&post=1105"},{"taxonomy":"post_tag","embeddable":true,"href":"https:\/\/www.muettergegenatomgefahr.at\/index.php?rest_route=%2Fwp%2Fv2%2Ftags&post=1105"}],"curies":[{"name":"wp","href":"https:\/\/api.w.org\/{rel}","templated":true}]}}