{"id":1117,"date":"2016-05-09T12:00:55","date_gmt":"2016-05-09T10:00:55","guid":{"rendered":"http:\/\/www.muettergegenatomgefahr.at\/?p=1117"},"modified":"2016-05-09T12:00:55","modified_gmt":"2016-05-09T10:00:55","slug":"atomgegner_innen-offener-brief-an-die-bundespraesidentschaftskandidaten-dr-van-der-bellen-und-ing-hofer","status":"publish","type":"post","link":"https:\/\/www.muettergegenatomgefahr.at\/?p=1117","title":{"rendered":"Atomgegner_innen: Offener Brief an die Bundespr\u00e4sidentschaftskandidaten Dr. Van der Bellen und Ing. Hofer"},"content":{"rendered":"<h1><\/h1>\n<h3><em>EURATOM\u00a0und die F\u00f6rderung der europ\u00e4ischen Atomindustrie mittels \u00f6sterreichischer Steuergelder<\/em><\/h3>\n<table style=\"height: 1048px;\" border=\"0\" width=\"643\" cellspacing=\"0\" cellpadding=\"0\">\n<tbody>\n<tr>\n<td valign=\"top\">\n<div>\n<p>Salzburg, Freistadt, Linz (OTS) &#8211;<\/p>\n<p>Sehr geehrte Herren,<\/p>\n<p>es ist allgemein bekannt, dass \u00d6sterreich seit dem EU-Beitritt auch Mitglied bei der Europ\u00e4ischen Atomgemeinschaft (EURATOM) ist und damit das Ziel, \u201edie Voraussetzungen f\u00fcr den raschen Aufbau einer m\u00e4chtigen europ\u00e4ischen Atomindustrie zu schaffen\u201c, mittragen muss.<\/p>\n<p>Es ist auch bekannt, dass jede \u00d6sterreicherin\/jeder \u00d6sterreicher mittels Steuergeldern einen Beitrag zur F\u00f6rderung der europ\u00e4ischen Atomindustrie leistet; unbekannt ist allerdings, in welcher H\u00f6he.<\/p>\n<p>Unsererseits wird seit Jahren eingefordert, dass \u00d6sterreich \u2013 mit seinem Bundesverfassungsgesetz f\u00fcr Atomfreiheit \u2013 die Mitgliedschaft bei\u00a0EURATOM\u00a0beendet, und zwar ohne aus der Europ\u00e4ischen Union auszutreten. Dass diese M\u00f6glichkeit besteht wird von drei unabh\u00e4ngigen Gutachtern best\u00e4tigt.<\/p>\n<p>Die beiden Parteien, die Ihre Kandidatur zum Bundespr\u00e4sidenten unterst\u00fctzen (Gr\u00fcne bzw. FP\u00d6), sind wiederholt mit Initiativen in \u00d6sterreich auf Bundes-, Landes- und Gemeindeebene f\u00fcr den Ausstieg \u00d6sterreichs aus\u00a0EURATOM\u00a0eingetreten.<\/p>\n<p>Gerne m\u00f6chten wir von Ihnen wissen, wie Sie es mit\u00a0EURATOM\u00a0und der F\u00f6rderung der europ\u00e4ischen Atomindustrie halten und ob und wie Sie sich als Bundespr\u00e4sident f\u00fcr den Ausstieg \u00d6sterreichs aus dem\u00a0EURATOM-Vertrag einsetzen werden.<\/p>\n<p>Mit freundlichen Gr\u00fc\u00dfen<\/p>\n<p>Heinz Stockinger \u2013 Obmann \u2013 Plattform gegen Atomgefahren, Salzburg<\/p>\n<p>Gabriele Schweiger \u2013 Obfrau \u2013 M\u00fctter gegen Atomgefahr, Freistadt<\/p>\n<p>Roland Egger \u2013 Obmann \u2013 atomstopp_atomkraftfrei leben!, Linz<\/p>\n<pre>R\u00fcckfragehinweis:\r\n   Heinz Stockinger 0662 643 567. 0662 643 963\r\n   Gabriele Schweiger 0680 33 33 625\r\n   Roland Egger 0680 23 93 019<\/pre>\n<\/div>\n<\/td>\n<\/tr>\n<\/tbody>\n<\/table>\n","protected":false},"excerpt":{"rendered":"<p>EURATOM\u00a0und die F\u00f6rderung der europ\u00e4ischen Atomindustrie mittels \u00f6sterreichischer Steuergelder Salzburg, Freistadt, Linz (OTS) &#8211; Sehr geehrte Herren, es ist allgemein bekannt, dass \u00d6sterreich seit dem EU-Beitritt auch Mitglied bei der Europ\u00e4ischen Atomgemeinschaft (EURATOM) ist und damit das Ziel, \u201edie Voraussetzungen &hellip; <a href=\"https:\/\/www.muettergegenatomgefahr.at\/?p=1117\">Weiterlesen <span class=\"meta-nav\">&rarr;<\/span><\/a><\/p>\n","protected":false},"author":2,"featured_media":0,"comment_status":"open","ping_status":"open","sticky":false,"template":"","format":"standard","meta":{"footnotes":""},"categories":[1],"tags":[],"class_list":["post-1117","post","type-post","status-publish","format-standard","hentry","category-allgemein"],"_links":{"self":[{"href":"https:\/\/www.muettergegenatomgefahr.at\/index.php?rest_route=\/wp\/v2\/posts\/1117","targetHints":{"allow":["GET"]}}],"collection":[{"href":"https:\/\/www.muettergegenatomgefahr.at\/index.php?rest_route=\/wp\/v2\/posts"}],"about":[{"href":"https:\/\/www.muettergegenatomgefahr.at\/index.php?rest_route=\/wp\/v2\/types\/post"}],"author":[{"embeddable":true,"href":"https:\/\/www.muettergegenatomgefahr.at\/index.php?rest_route=\/wp\/v2\/users\/2"}],"replies":[{"embeddable":true,"href":"https:\/\/www.muettergegenatomgefahr.at\/index.php?rest_route=%2Fwp%2Fv2%2Fcomments&post=1117"}],"version-history":[{"count":1,"href":"https:\/\/www.muettergegenatomgefahr.at\/index.php?rest_route=\/wp\/v2\/posts\/1117\/revisions"}],"predecessor-version":[{"id":1118,"href":"https:\/\/www.muettergegenatomgefahr.at\/index.php?rest_route=\/wp\/v2\/posts\/1117\/revisions\/1118"}],"wp:attachment":[{"href":"https:\/\/www.muettergegenatomgefahr.at\/index.php?rest_route=%2Fwp%2Fv2%2Fmedia&parent=1117"}],"wp:term":[{"taxonomy":"category","embeddable":true,"href":"https:\/\/www.muettergegenatomgefahr.at\/index.php?rest_route=%2Fwp%2Fv2%2Fcategories&post=1117"},{"taxonomy":"post_tag","embeddable":true,"href":"https:\/\/www.muettergegenatomgefahr.at\/index.php?rest_route=%2Fwp%2Fv2%2Ftags&post=1117"}],"curies":[{"name":"wp","href":"https:\/\/api.w.org\/{rel}","templated":true}]}}