{"id":1122,"date":"2016-05-17T11:20:23","date_gmt":"2016-05-17T09:20:23","guid":{"rendered":"http:\/\/www.muettergegenatomgefahr.at\/?p=1122"},"modified":"2016-05-17T11:20:23","modified_gmt":"2016-05-17T09:20:23","slug":"atomstopp-eu-kommission-lernunfaehig-und-lobbyhoerig","status":"publish","type":"post","link":"https:\/\/www.muettergegenatomgefahr.at\/?p=1122","title":{"rendered":"atomstopp: EU-Kommission lernunf\u00e4hig und lobbyh\u00f6rig"},"content":{"rendered":"<p><em>\u00d6sterreich muss den Atompl\u00e4nen der EU-Kommission eine Absage erteilen\u00a0<\/em><\/p>\n<table border=\"0\" width=\"100%\" cellspacing=\"0\" cellpadding=\"0\">\n<tbody>\n<tr>\n<td valign=\"top\">\n<div>\n<p>Linz (OTS) &#8211; \u201eDass ausgerechnet im Gedenkjahr Tschernobyl_30 und Fukushima_5 die EU-Kommission unverhohlen mit dem Ausbau der Atomkraft in Europa spekuliert, zeigt, dass die EU-Kommission lernunf\u00e4hig ist und die Interessen der Atomlobby verteidigt. Auch im Wissen \u2013 und das d\u00fcrfte sich wohl auch schon in Br\u00fcssel herumgesprochen haben -, dass sich Atomkraft wirtschaftlich nicht rechnet und ohne massive staatliche Subventionen das l\u00e4ngst \u00fcberf\u00e4llige Ende `droht\u00b4\u201c, kommentieren Roland Egger und Gabriele Schweiger, Sprecher von atomstopp_oberoesterreich, die heutigen Medienberichte, dass die EU-Kommission die Atomkraft in Europa massiv st\u00e4rken will.<\/p>\n<p>\u201eNichts anderes als ein klares NEIN erwarten wir uns von der \u00f6sterreichischen Bundesregierung zu derart absurden Pl\u00e4nen der EU-Kommission! \u00d6sterreich ist mit seiner Zwangsmitgliedschaft bei der Europ\u00e4ischen Atomgemeinschaft\u00a0EURATOM\u00a0verpflichtet, den atomaren Irrsinn mitzufinanzieren. Es ist hoch an der Zeit, die \u00f6sterreichische Mitgliedschaft bei\u00a0EURATOM\u00a0zu \u00fcberdenken und die Konsequenzen zu ziehen!\u201c, so Egger und Schweiger abschlie\u00dfend.<\/p>\n<pre>R\u00fcckfragehinweis:\r\n   Roland Egger + 43 680 23 93 019\r\n   Gabriele Schweiger +43 680 33 33 625<\/pre>\n<\/div>\n<\/td>\n<\/tr>\n<\/tbody>\n<\/table>\n","protected":false},"excerpt":{"rendered":"<p>\u00d6sterreich muss den Atompl\u00e4nen der EU-Kommission eine Absage erteilen\u00a0 Linz (OTS) &#8211; \u201eDass ausgerechnet im Gedenkjahr Tschernobyl_30 und Fukushima_5 die EU-Kommission unverhohlen mit dem Ausbau der Atomkraft in Europa spekuliert, zeigt, dass die EU-Kommission lernunf\u00e4hig ist und die Interessen der &hellip; <a href=\"https:\/\/www.muettergegenatomgefahr.at\/?p=1122\">Weiterlesen <span class=\"meta-nav\">&rarr;<\/span><\/a><\/p>\n","protected":false},"author":2,"featured_media":0,"comment_status":"open","ping_status":"open","sticky":false,"template":"","format":"standard","meta":{"footnotes":""},"categories":[1],"tags":[],"class_list":["post-1122","post","type-post","status-publish","format-standard","hentry","category-allgemein"],"_links":{"self":[{"href":"https:\/\/www.muettergegenatomgefahr.at\/index.php?rest_route=\/wp\/v2\/posts\/1122","targetHints":{"allow":["GET"]}}],"collection":[{"href":"https:\/\/www.muettergegenatomgefahr.at\/index.php?rest_route=\/wp\/v2\/posts"}],"about":[{"href":"https:\/\/www.muettergegenatomgefahr.at\/index.php?rest_route=\/wp\/v2\/types\/post"}],"author":[{"embeddable":true,"href":"https:\/\/www.muettergegenatomgefahr.at\/index.php?rest_route=\/wp\/v2\/users\/2"}],"replies":[{"embeddable":true,"href":"https:\/\/www.muettergegenatomgefahr.at\/index.php?rest_route=%2Fwp%2Fv2%2Fcomments&post=1122"}],"version-history":[{"count":1,"href":"https:\/\/www.muettergegenatomgefahr.at\/index.php?rest_route=\/wp\/v2\/posts\/1122\/revisions"}],"predecessor-version":[{"id":1123,"href":"https:\/\/www.muettergegenatomgefahr.at\/index.php?rest_route=\/wp\/v2\/posts\/1122\/revisions\/1123"}],"wp:attachment":[{"href":"https:\/\/www.muettergegenatomgefahr.at\/index.php?rest_route=%2Fwp%2Fv2%2Fmedia&parent=1122"}],"wp:term":[{"taxonomy":"category","embeddable":true,"href":"https:\/\/www.muettergegenatomgefahr.at\/index.php?rest_route=%2Fwp%2Fv2%2Fcategories&post=1122"},{"taxonomy":"post_tag","embeddable":true,"href":"https:\/\/www.muettergegenatomgefahr.at\/index.php?rest_route=%2Fwp%2Fv2%2Ftags&post=1122"}],"curies":[{"name":"wp","href":"https:\/\/api.w.org\/{rel}","templated":true}]}}