{"id":1127,"date":"2016-06-01T11:31:56","date_gmt":"2016-06-01T09:31:56","guid":{"rendered":"http:\/\/www.muettergegenatomgefahr.at\/?p=1127"},"modified":"2016-06-01T11:31:56","modified_gmt":"2016-06-01T09:31:56","slug":"atomstopp-mitmach-aktion-ich-will-wissen-sehr-gut-angelaufen","status":"publish","type":"post","link":"https:\/\/www.muettergegenatomgefahr.at\/?p=1127","title":{"rendered":"atomstopp: Mitmach-Aktion \u201eIch will wissen \u2026\u201c sehr gut angelaufen!"},"content":{"rendered":"<p><b class=\"head\"><\/b><b class=\"news_titel\">\u00a0\u00a0<\/b><em><span class=\"news_untertitel\">Frage an Bundeskanzler, Umwelt- und Au\u00dfenminister zu Antiatom-Aktivit\u00e4ten auch beim Fairplanet in Linz, Samstag 4. Juni \u2013 12 Uhr bis 20 Uhr <\/span><\/em><\/p>\n<p><span class=\"news_text\">\u201eWir freuen uns, dass unsere Mitmach-Aktion \u201eIch will wissen \u2026\u201c auf sehr gute Resonanz st\u00f6\u00dft und kommenden Samstag beim Fairplanet in Linz fortgesetzt wird. Bereits 500 Interessierte haben Unterschriftenlisten unterschrieben und Postkarten an den Bundeskanzler, den Umwelt- und Au\u00dfenminister geschickt mit der Frage: \u00b4Was tun Sie konkret gegen die F\u00f6rderung der Atomindustrie?\u00b4&#8220;, so Roland Egger und Gabriele Schweiger, Sprecher von atomstopp_oberoesterreich.<\/p>\n<p>Zum Hintergrund der Mitmach-Aktion: Das Bundeskanzleramt, das Umwelt- und Au\u00dfenministerium haben in sch\u00f6ner Regelm\u00e4\u00dfigkeit erkl\u00e4rt, dass sie sich f\u00fcr den europaweiten Atomausstieg einsetzen wollen, verteidigen aber gleichzeitig, dass \u00f6sterreichische Steuergelder zur St\u00fctzung der Europ\u00e4ischen Atomgemeinschaft EURATOM nach Br\u00fcssel flie\u00dfen.<\/p>\n<p>\u201eWir wollen wissen: was tun Sie gegen die F\u00f6rderung der Atomindustrie? Und wir erwarten uns aufschlussreiche Antworten, keine belanglosen Ausfl\u00fcchte oder Beschwichtigungen: Wer den europaweiten Atomausstieg will, wird um das Problem EURATOM und der Mitgliedschaft \u00d6sterreichs dabei nicht herumkommen\u201c, so Egger und Schweiger abschlie\u00dfend.<\/p>\n<p>Weitere Informationen:<br \/>\nRoland Egger + 43 680 23 93 019<br \/>\nGabriele Schweiger + 43 680 33 33 625<\/span><\/p>\n","protected":false},"excerpt":{"rendered":"<p>\u00a0\u00a0Frage an Bundeskanzler, Umwelt- und Au\u00dfenminister zu Antiatom-Aktivit\u00e4ten auch beim Fairplanet in Linz, Samstag 4. Juni \u2013 12 Uhr bis 20 Uhr \u201eWir freuen uns, dass unsere Mitmach-Aktion \u201eIch will wissen \u2026\u201c auf sehr gute Resonanz st\u00f6\u00dft und kommenden Samstag &hellip; <a href=\"https:\/\/www.muettergegenatomgefahr.at\/?p=1127\">Weiterlesen <span class=\"meta-nav\">&rarr;<\/span><\/a><\/p>\n","protected":false},"author":2,"featured_media":0,"comment_status":"open","ping_status":"open","sticky":false,"template":"","format":"standard","meta":{"footnotes":""},"categories":[1],"tags":[],"class_list":["post-1127","post","type-post","status-publish","format-standard","hentry","category-allgemein"],"_links":{"self":[{"href":"https:\/\/www.muettergegenatomgefahr.at\/index.php?rest_route=\/wp\/v2\/posts\/1127","targetHints":{"allow":["GET"]}}],"collection":[{"href":"https:\/\/www.muettergegenatomgefahr.at\/index.php?rest_route=\/wp\/v2\/posts"}],"about":[{"href":"https:\/\/www.muettergegenatomgefahr.at\/index.php?rest_route=\/wp\/v2\/types\/post"}],"author":[{"embeddable":true,"href":"https:\/\/www.muettergegenatomgefahr.at\/index.php?rest_route=\/wp\/v2\/users\/2"}],"replies":[{"embeddable":true,"href":"https:\/\/www.muettergegenatomgefahr.at\/index.php?rest_route=%2Fwp%2Fv2%2Fcomments&post=1127"}],"version-history":[{"count":1,"href":"https:\/\/www.muettergegenatomgefahr.at\/index.php?rest_route=\/wp\/v2\/posts\/1127\/revisions"}],"predecessor-version":[{"id":1128,"href":"https:\/\/www.muettergegenatomgefahr.at\/index.php?rest_route=\/wp\/v2\/posts\/1127\/revisions\/1128"}],"wp:attachment":[{"href":"https:\/\/www.muettergegenatomgefahr.at\/index.php?rest_route=%2Fwp%2Fv2%2Fmedia&parent=1127"}],"wp:term":[{"taxonomy":"category","embeddable":true,"href":"https:\/\/www.muettergegenatomgefahr.at\/index.php?rest_route=%2Fwp%2Fv2%2Fcategories&post=1127"},{"taxonomy":"post_tag","embeddable":true,"href":"https:\/\/www.muettergegenatomgefahr.at\/index.php?rest_route=%2Fwp%2Fv2%2Ftags&post=1127"}],"curies":[{"name":"wp","href":"https:\/\/api.w.org\/{rel}","templated":true}]}}