{"id":1129,"date":"2016-06-08T09:45:23","date_gmt":"2016-06-08T07:45:23","guid":{"rendered":"http:\/\/www.muettergegenatomgefahr.at\/?p=1129"},"modified":"2016-06-08T09:45:23","modified_gmt":"2016-06-08T07:45:23","slug":"atomstopp-antiatom-resolution-an-die-eu-kommission-eu-ratspraesident-und-eu-parlamentspraesident","status":"publish","type":"post","link":"https:\/\/www.muettergegenatomgefahr.at\/?p=1129","title":{"rendered":"atomstopp: Antiatom-Resolution an die EU-Kommission, EU-Ratspr\u00e4sident und EU-Parlamentspr\u00e4sident"},"content":{"rendered":"<p><em><span class=\"news_untertitel\">Unterst\u00fctzung f\u00fcr Vorsto\u00df der Antiatom-Initiative \u201eDonauregion Atomkraftfrei\u201c <\/span><\/em><\/p>\n<p><span class=\"news_text\">Anl\u00e4sslich der dritten <a href=\"http:\/\/nec2016.eu\/de\/\" target=\"_blank\">Nuclear Energy Conference 2016<\/a> in Prag <a href=\"http:\/\/www.donauregion-atomkraftfrei.at\/teilnehmer\/\" target=\"_blank\">wurde von der Antiatom-Initiative \u201eDonauregion Atomkraftfrei\u201c eine Resolution verabschiedet<\/a>, die unter anderem eine unbegrenzte Haftung f\u00fcr Atomreaktoren einfordert, eine garantierte Anwendung der Espoo-Konvention bei grenz\u00fcberschreitenden Umweltvertr\u00e4glichkeitspr\u00fcfungen und ein Ende aller staatlichen Beihilfen f\u00fcr Atomanlagen.<\/p>\n<p>\u201eEine kritische Position zum Atomf\u00f6rderverein EURATOM findet sich ebenfalls in der Resolution und angesichts der drohenden Gefahrzeitverl\u00e4ngerungen von maroden Atomreaktoren auch die Forderung nach einer verbindlichen Umweltvertr\u00e4glichkeitspr\u00fcfung bei der Bewilligung von zus\u00e4tzlichen Laufzeiten!\u201c, so Roland Egger und Gabriele Schweiger, Sprecher von atomstopp_oberoesterreich.<\/p>\n<p>\u201eWir unterst\u00fctzen diese Initiative und sind gespannt auf die Reaktionen aus Br\u00fcssel: Vor allem die Europ\u00e4ische Kommission macht sich immer wieder als Atomlobbyistin bemerkbar. Ohne die m\u00e4chtigen F\u00fcrsprecher in Br\u00fcssel w\u00e4re das Thema \u201eAtomenergie\u201c in Europa ein Auslaufmodell: wirtschaftlich nicht \u00fcberlebensf\u00e4hig, Generationen um Generationen ein strahlendes Erbe hinterlassend und im Betrieb unkalkulierbar riskant\u201c, so Egger und Schweiger abschlie\u00dfend.<\/p>\n<p><a href=\"http:\/\/www.donauregion-atomkraftfrei.at\/teilnehmer\/\" target=\"_blank\">Zur Resolution<\/a><\/p>\n<p>Weitere Informationen:<br \/>\nRoland Egger + 43 680 23 93 019<br \/>\nGabriele Schweiger + 43 680 33 33 625<br \/>\n<\/span><\/p>\n","protected":false},"excerpt":{"rendered":"<p>Unterst\u00fctzung f\u00fcr Vorsto\u00df der Antiatom-Initiative \u201eDonauregion Atomkraftfrei\u201c Anl\u00e4sslich der dritten Nuclear Energy Conference 2016 in Prag wurde von der Antiatom-Initiative \u201eDonauregion Atomkraftfrei\u201c eine Resolution verabschiedet, die unter anderem eine unbegrenzte Haftung f\u00fcr Atomreaktoren einfordert, eine garantierte Anwendung der Espoo-Konvention bei &hellip; <a href=\"https:\/\/www.muettergegenatomgefahr.at\/?p=1129\">Weiterlesen <span class=\"meta-nav\">&rarr;<\/span><\/a><\/p>\n","protected":false},"author":2,"featured_media":0,"comment_status":"open","ping_status":"open","sticky":false,"template":"","format":"standard","meta":{"footnotes":""},"categories":[1],"tags":[],"class_list":["post-1129","post","type-post","status-publish","format-standard","hentry","category-allgemein"],"_links":{"self":[{"href":"https:\/\/www.muettergegenatomgefahr.at\/index.php?rest_route=\/wp\/v2\/posts\/1129","targetHints":{"allow":["GET"]}}],"collection":[{"href":"https:\/\/www.muettergegenatomgefahr.at\/index.php?rest_route=\/wp\/v2\/posts"}],"about":[{"href":"https:\/\/www.muettergegenatomgefahr.at\/index.php?rest_route=\/wp\/v2\/types\/post"}],"author":[{"embeddable":true,"href":"https:\/\/www.muettergegenatomgefahr.at\/index.php?rest_route=\/wp\/v2\/users\/2"}],"replies":[{"embeddable":true,"href":"https:\/\/www.muettergegenatomgefahr.at\/index.php?rest_route=%2Fwp%2Fv2%2Fcomments&post=1129"}],"version-history":[{"count":1,"href":"https:\/\/www.muettergegenatomgefahr.at\/index.php?rest_route=\/wp\/v2\/posts\/1129\/revisions"}],"predecessor-version":[{"id":1130,"href":"https:\/\/www.muettergegenatomgefahr.at\/index.php?rest_route=\/wp\/v2\/posts\/1129\/revisions\/1130"}],"wp:attachment":[{"href":"https:\/\/www.muettergegenatomgefahr.at\/index.php?rest_route=%2Fwp%2Fv2%2Fmedia&parent=1129"}],"wp:term":[{"taxonomy":"category","embeddable":true,"href":"https:\/\/www.muettergegenatomgefahr.at\/index.php?rest_route=%2Fwp%2Fv2%2Fcategories&post=1129"},{"taxonomy":"post_tag","embeddable":true,"href":"https:\/\/www.muettergegenatomgefahr.at\/index.php?rest_route=%2Fwp%2Fv2%2Ftags&post=1129"}],"curies":[{"name":"wp","href":"https:\/\/api.w.org\/{rel}","templated":true}]}}