{"id":1132,"date":"2016-06-13T12:38:12","date_gmt":"2016-06-13T10:38:12","guid":{"rendered":"http:\/\/www.muettergegenatomgefahr.at\/?p=1132"},"modified":"2016-06-13T12:38:12","modified_gmt":"2016-06-13T10:38:12","slug":"atomstopp-internationaler-tag-des-windes-am-mittwoch-15-juni-infostand-in-linz","status":"publish","type":"post","link":"https:\/\/www.muettergegenatomgefahr.at\/?p=1132","title":{"rendered":"atomstopp: Internationaler Tag des Windes am Mittwoch, 15. Juni \u2013 Infostand in Linz"},"content":{"rendered":"<p><span class=\"news_untertitel\"><em>Erfolgreiche Mitmach-Aktion \u201eIch will wissen \u2026\u201c wird fortgesetzt<\/em><\/span><b class=\"head\"><span class=\"news_untertitel\">\u00a0<\/span><\/b><\/p>\n<p><span class=\"news_text\">\u201eEs ist f\u00fcr uns als Atomgegner_innen selbstverst\u00e4ndlich am internationalen Tag des Windes f\u00fcr die Nutzung der Windkraft zu werben und das werden wir auch mit vollem Einsatz am 15. Juni in Linz (Landstra\u00dfe\/Betlehemstra\u00dfe) von 12 Uhr bis 17 Uhr machen! Die Nuklearkatastrophen von Tschernobyl und Fukushima sollten jedem das unkalkulierbare Risiko der Atomkraft zu Augen f\u00fchren und es ist unverst\u00e4ndlich, wenn es immer noch Staaten gibt, die auf Atomkraft anstatt auf Erneuerbare Energien setzen\u201c, so Roland Egger und Gabriele Schweiger, Sprecher von atomstopp_oberoesterreich.<\/p>\n<p>\u201eAber auch \u00d6sterreich sollte mehr in Erneuerbare Energien investieren und die Zahlungen an den europ\u00e4ischen Atomf\u00f6rderverein EURATOM endlich einstellen. Niemand kann uns schl\u00fcssig erkl\u00e4ren, welchen Sinn es hat, dass ein Antiatom-Land wie \u00d6sterreich die europ\u00e4ische Atomindustrie \u00fcber EURATOM st\u00fctzt. Wir wollen von Bundeskanzler, Umwelt- und Au\u00dfenminister wissen, was sie gegen die F\u00f6rderung der europ\u00e4ischen Atomindustrie machen\u201c, so Egger und Schweiger weiter.<\/p>\n<p>Bei den vergangenen Infost\u00e4nden von atomstopp wurden bereits rund 700 Unterschriften gesammelt und Postkarten an Bundeskanzler, Umwelt- und Au\u00dfenminister geschickt. Auch beim Infostand zum internationalen Tag des Windes am 15. Juni in Linz werden diese f\u00fcr Interessierte aufgelegt.<\/p>\n<p>\u201eWir erwarten uns aufschlussreiche Antworten, keine belanglosen Ausfl\u00fcchte oder Beschwichtigungen: Wer den europaweiten Atomausstieg will, wird um das Problem EURATOM und der Mitgliedschaft \u00d6sterreichs nicht herumkommen\u201c, so Egger und Schweiger abschlie\u00dfend.<\/p>\n<p>Weitere Informationen:<br \/>\nRoland Egger + 43 680 23 93 019<br \/>\nGabriele Schweiger +43 680 33 33 625<br \/>\n<\/span><\/p>\n","protected":false},"excerpt":{"rendered":"<p>Erfolgreiche Mitmach-Aktion \u201eIch will wissen \u2026\u201c wird fortgesetzt\u00a0 \u201eEs ist f\u00fcr uns als Atomgegner_innen selbstverst\u00e4ndlich am internationalen Tag des Windes f\u00fcr die Nutzung der Windkraft zu werben und das werden wir auch mit vollem Einsatz am 15. Juni in Linz &hellip; <a href=\"https:\/\/www.muettergegenatomgefahr.at\/?p=1132\">Weiterlesen <span class=\"meta-nav\">&rarr;<\/span><\/a><\/p>\n","protected":false},"author":2,"featured_media":0,"comment_status":"open","ping_status":"open","sticky":false,"template":"","format":"standard","meta":{"footnotes":""},"categories":[1],"tags":[],"class_list":["post-1132","post","type-post","status-publish","format-standard","hentry","category-allgemein"],"_links":{"self":[{"href":"https:\/\/www.muettergegenatomgefahr.at\/index.php?rest_route=\/wp\/v2\/posts\/1132","targetHints":{"allow":["GET"]}}],"collection":[{"href":"https:\/\/www.muettergegenatomgefahr.at\/index.php?rest_route=\/wp\/v2\/posts"}],"about":[{"href":"https:\/\/www.muettergegenatomgefahr.at\/index.php?rest_route=\/wp\/v2\/types\/post"}],"author":[{"embeddable":true,"href":"https:\/\/www.muettergegenatomgefahr.at\/index.php?rest_route=\/wp\/v2\/users\/2"}],"replies":[{"embeddable":true,"href":"https:\/\/www.muettergegenatomgefahr.at\/index.php?rest_route=%2Fwp%2Fv2%2Fcomments&post=1132"}],"version-history":[{"count":1,"href":"https:\/\/www.muettergegenatomgefahr.at\/index.php?rest_route=\/wp\/v2\/posts\/1132\/revisions"}],"predecessor-version":[{"id":1133,"href":"https:\/\/www.muettergegenatomgefahr.at\/index.php?rest_route=\/wp\/v2\/posts\/1132\/revisions\/1133"}],"wp:attachment":[{"href":"https:\/\/www.muettergegenatomgefahr.at\/index.php?rest_route=%2Fwp%2Fv2%2Fmedia&parent=1132"}],"wp:term":[{"taxonomy":"category","embeddable":true,"href":"https:\/\/www.muettergegenatomgefahr.at\/index.php?rest_route=%2Fwp%2Fv2%2Fcategories&post=1132"},{"taxonomy":"post_tag","embeddable":true,"href":"https:\/\/www.muettergegenatomgefahr.at\/index.php?rest_route=%2Fwp%2Fv2%2Ftags&post=1132"}],"curies":[{"name":"wp","href":"https:\/\/api.w.org\/{rel}","templated":true}]}}