{"id":1134,"date":"2016-06-14T10:28:25","date_gmt":"2016-06-14T08:28:25","guid":{"rendered":"http:\/\/www.muettergegenatomgefahr.at\/?p=1134"},"modified":"2016-06-14T10:28:25","modified_gmt":"2016-06-14T08:28:25","slug":"atomstopp-umweltminister-rupprechter-auf-antiatom-mission-in-prag","status":"publish","type":"post","link":"https:\/\/www.muettergegenatomgefahr.at\/?p=1134","title":{"rendered":"atomstopp: Umweltminister Rupprechter auf Antiatom-Mission in Prag"},"content":{"rendered":"<p><b class=\"head\"><\/b><b class=\"news_titel\">\u00a0\u00a0<\/b><em><span class=\"news_untertitel\">Nein zu Gefahrzeitverl\u00e4ngerung von Dukovany und Forderung nach Behebung aller offenen Sicherheitsdefizite in Temelin <\/span><\/em><\/p>\n<p><span class=\"news_text\">\u201eWenn Umweltminister Rupprechter morgen nach Prag f\u00e4hrt, erwarten wir uns, dass er seinen Arbeitsbesuch in Tschechien f\u00fcr eine Antiatom-Mission nutzt. Er muss klarstellen, dass \u00d6sterreich mit der Gefahrzeitverl\u00e4ngerung von Block 1 des Atomkraftwerks Dukovany nicht einverstanden ist und er als \u00f6sterreichischer Umweltminister auf EU-Ebene alles unternehmen wird, um zu verhindern, dass auch die anderen drei Bl\u00f6cke ohne vorangehender umfassender Umweltvertr\u00e4glichkeitspr\u00fcfung auf unbestimmte Zeit in Betrieb sein sollen\u201c, so Roland Egger und Gabriele Schweiger, Sprecher von atomstopp_oberoesterreich an die Adresse von Umweltminister Rupprechter.<\/p>\n<p>\u201eWer glaubt, dass alle Sicherheitsdefizite im AKW Temelin ausger\u00e4umt w\u00e4ren, irrt leider. Das Melker Abkommen datiert aus 2001 und ist heute \u2013 15 Jahre sp\u00e4ter \u2013 immer noch nicht vollst\u00e4ndig umgesetzt. Offenbar wurde der Zweck des Abkommens in ein andauerndes Dialogforum zur Beruhigung der Bev\u00f6lkerung umgewandelt. Umweltminister Rupprechter ist im Sinne der Sicherheit der \u00f6sterreichischen Bev\u00f6lkerung gut beraten, auf die umgehende Behebung aller offenen Sicherheitsdefizite zu dr\u00e4ngen, andernfalls ist das AKW Temelin stillzulegen\u201c, so Egger und Schweiger abschlie\u00dfend.<\/p>\n<p>Weitere Informationen:<br \/>\nRoland Egger + 43 680 23 93 019<br \/>\nGabriele Schweiger + 43 680 33 33 625<\/span><\/p>\n","protected":false},"excerpt":{"rendered":"<p>\u00a0\u00a0Nein zu Gefahrzeitverl\u00e4ngerung von Dukovany und Forderung nach Behebung aller offenen Sicherheitsdefizite in Temelin \u201eWenn Umweltminister Rupprechter morgen nach Prag f\u00e4hrt, erwarten wir uns, dass er seinen Arbeitsbesuch in Tschechien f\u00fcr eine Antiatom-Mission nutzt. Er muss klarstellen, dass \u00d6sterreich mit &hellip; <a href=\"https:\/\/www.muettergegenatomgefahr.at\/?p=1134\">Weiterlesen <span class=\"meta-nav\">&rarr;<\/span><\/a><\/p>\n","protected":false},"author":2,"featured_media":0,"comment_status":"open","ping_status":"open","sticky":false,"template":"","format":"standard","meta":{"footnotes":""},"categories":[1],"tags":[],"class_list":["post-1134","post","type-post","status-publish","format-standard","hentry","category-allgemein"],"_links":{"self":[{"href":"https:\/\/www.muettergegenatomgefahr.at\/index.php?rest_route=\/wp\/v2\/posts\/1134","targetHints":{"allow":["GET"]}}],"collection":[{"href":"https:\/\/www.muettergegenatomgefahr.at\/index.php?rest_route=\/wp\/v2\/posts"}],"about":[{"href":"https:\/\/www.muettergegenatomgefahr.at\/index.php?rest_route=\/wp\/v2\/types\/post"}],"author":[{"embeddable":true,"href":"https:\/\/www.muettergegenatomgefahr.at\/index.php?rest_route=\/wp\/v2\/users\/2"}],"replies":[{"embeddable":true,"href":"https:\/\/www.muettergegenatomgefahr.at\/index.php?rest_route=%2Fwp%2Fv2%2Fcomments&post=1134"}],"version-history":[{"count":1,"href":"https:\/\/www.muettergegenatomgefahr.at\/index.php?rest_route=\/wp\/v2\/posts\/1134\/revisions"}],"predecessor-version":[{"id":1135,"href":"https:\/\/www.muettergegenatomgefahr.at\/index.php?rest_route=\/wp\/v2\/posts\/1134\/revisions\/1135"}],"wp:attachment":[{"href":"https:\/\/www.muettergegenatomgefahr.at\/index.php?rest_route=%2Fwp%2Fv2%2Fmedia&parent=1134"}],"wp:term":[{"taxonomy":"category","embeddable":true,"href":"https:\/\/www.muettergegenatomgefahr.at\/index.php?rest_route=%2Fwp%2Fv2%2Fcategories&post=1134"},{"taxonomy":"post_tag","embeddable":true,"href":"https:\/\/www.muettergegenatomgefahr.at\/index.php?rest_route=%2Fwp%2Fv2%2Ftags&post=1134"}],"curies":[{"name":"wp","href":"https:\/\/api.w.org\/{rel}","templated":true}]}}