{"id":1137,"date":"2016-06-22T10:19:53","date_gmt":"2016-06-22T08:19:53","guid":{"rendered":"http:\/\/www.muettergegenatomgefahr.at\/?p=1137"},"modified":"2016-06-22T10:19:53","modified_gmt":"2016-06-22T08:19:53","slug":"atomstopp-tschechischer-premierminister-sobotka-bei-bundeskanzler-kern","status":"publish","type":"post","link":"https:\/\/www.muettergegenatomgefahr.at\/?p=1137","title":{"rendered":"atomstopp: Tschechischer Premierminister Sobotka bei Bundeskanzler Kern"},"content":{"rendered":"<p><em><span class=\"news_untertitel\">Antiatom-Mission, die zweite \u2013 Freitag, 24. Juni <\/span><\/em><\/p>\n<p><span class=\"news_text\">\u201eNachdem Umweltminister Rupprechter es bei seinem Arbeitsbesuch Mitte Juni in Tschechien verabs\u00e4umt hat, wegen der Gefahrzeitverl\u00e4ngerung des Atomreaktors I in Dukovany Protest einzulegen, ist es nun wohl an Bundeskanzler Kern, auf die drohende Gefahr durch die Atomreaktoren in Dukovany hinzuweisen. Bei den Bl\u00f6cken II, III und IV darf nicht einfach eine unbefristete Lizenz ausgestellt werden, eine grenz\u00fcberschreitende Umweltvertr\u00e4glichkeitspr\u00fcfung nach ESPOO-Konvention ist ein MUSS, bevor \u00fcber eine Gefahrzeitverl\u00e4ngerung entschieden wird!\u201c, so Roland Egger und Gabriele Schweiger, Sprecher von atomstopp_oberoesterreich.<\/p>\n<p>Die Reaktorbl\u00f6cke von Dukovany z\u00e4hlen nach Analysen von Experten zu den gef\u00e4hrlichsten Atomreaktoren Europas, unter anderem weil es kein Vollcontainment gibt und auch die K\u00fchlwasserzufuhr bedenklich ist. F\u00fcr die Reaktorbl\u00f6cke II, III und IV l\u00e4uft Ende 2017 die Genehmigung aus.\u00a0Erst k\u00fcrzlich wurde bekannt, dass bei den Schwei\u00dfn\u00e4hten im Atomkraftwerk Dukovany geschlampt wurde. Umfangreiche Kontrollarbeiten sind deshalb auch f\u00fcr das n\u00e4chste Jahr angesetzt. Jeder Reaktor wird rund 3 Monate still stehen und damit l\u00e4nger als bei jeder routinem\u00e4\u00dfigen \u00dcberpr\u00fcfung.<\/p>\n<p>\u201eWir appellieren an Bundeskanzler Kern bei seinem tschechischen Amtskollegen Sobotka eine umfassende Umweltvertr\u00e4glichkeitspr\u00fcfung zu verlangen und die Sicherheitsprobleme offen anzusprechen. Es darf nicht sein, dass man aus diplomatischer H\u00f6flichkeit und wegen der zu pflegenden nachbarschaftlichen und wirtschaftlichen Beziehungen grundlegende Sicherheitsprobleme in den tschechischen Atomkraftwerken einfach unter den Tisch kehrt! Daf\u00fcr haben die \u00d6sterreicher_innen sicherlich kein Verst\u00e4ndnis!\u201c, so Egger und Schweiger abschlie\u00dfend.<\/p>\n<p>Weitere Informationen:<br \/>\nRoland Egger + 43 680 23 93 019<br \/>\nGabriele Schweiger + 43 680 33 33 625<\/span><\/p>\n","protected":false},"excerpt":{"rendered":"<p>Antiatom-Mission, die zweite \u2013 Freitag, 24. Juni \u201eNachdem Umweltminister Rupprechter es bei seinem Arbeitsbesuch Mitte Juni in Tschechien verabs\u00e4umt hat, wegen der Gefahrzeitverl\u00e4ngerung des Atomreaktors I in Dukovany Protest einzulegen, ist es nun wohl an Bundeskanzler Kern, auf die drohende &hellip; <a href=\"https:\/\/www.muettergegenatomgefahr.at\/?p=1137\">Weiterlesen <span class=\"meta-nav\">&rarr;<\/span><\/a><\/p>\n","protected":false},"author":2,"featured_media":0,"comment_status":"open","ping_status":"open","sticky":false,"template":"","format":"standard","meta":{"footnotes":""},"categories":[1],"tags":[],"class_list":["post-1137","post","type-post","status-publish","format-standard","hentry","category-allgemein"],"_links":{"self":[{"href":"https:\/\/www.muettergegenatomgefahr.at\/index.php?rest_route=\/wp\/v2\/posts\/1137","targetHints":{"allow":["GET"]}}],"collection":[{"href":"https:\/\/www.muettergegenatomgefahr.at\/index.php?rest_route=\/wp\/v2\/posts"}],"about":[{"href":"https:\/\/www.muettergegenatomgefahr.at\/index.php?rest_route=\/wp\/v2\/types\/post"}],"author":[{"embeddable":true,"href":"https:\/\/www.muettergegenatomgefahr.at\/index.php?rest_route=\/wp\/v2\/users\/2"}],"replies":[{"embeddable":true,"href":"https:\/\/www.muettergegenatomgefahr.at\/index.php?rest_route=%2Fwp%2Fv2%2Fcomments&post=1137"}],"version-history":[{"count":1,"href":"https:\/\/www.muettergegenatomgefahr.at\/index.php?rest_route=\/wp\/v2\/posts\/1137\/revisions"}],"predecessor-version":[{"id":1138,"href":"https:\/\/www.muettergegenatomgefahr.at\/index.php?rest_route=\/wp\/v2\/posts\/1137\/revisions\/1138"}],"wp:attachment":[{"href":"https:\/\/www.muettergegenatomgefahr.at\/index.php?rest_route=%2Fwp%2Fv2%2Fmedia&parent=1137"}],"wp:term":[{"taxonomy":"category","embeddable":true,"href":"https:\/\/www.muettergegenatomgefahr.at\/index.php?rest_route=%2Fwp%2Fv2%2Fcategories&post=1137"},{"taxonomy":"post_tag","embeddable":true,"href":"https:\/\/www.muettergegenatomgefahr.at\/index.php?rest_route=%2Fwp%2Fv2%2Ftags&post=1137"}],"curies":[{"name":"wp","href":"https:\/\/api.w.org\/{rel}","templated":true}]}}