{"id":1148,"date":"2016-07-22T10:52:06","date_gmt":"2016-07-22T08:52:06","guid":{"rendered":"http:\/\/www.muettergegenatomgefahr.at\/?p=1148"},"modified":"2016-07-22T10:52:06","modified_gmt":"2016-07-22T08:52:06","slug":"atomstopp-willkommen-in-absurdistan-tschechien-will-atomkraft-ausbauen-und-weiss-nicht-wohin-mit-dem-abfall","status":"publish","type":"post","link":"https:\/\/www.muettergegenatomgefahr.at\/?p=1148","title":{"rendered":"atomstopp: Willkommen in Absurdistan! Tschechien will Atomkraft ausbauen und wei\u00df nicht, wohin mit dem Abfall!\u00a0"},"content":{"rendered":"<p><em>Morgen, 23. Juli 2016: allsommerlicher Protestmarsch Pacejov-Manovice (Kreis Klatovy, Tschechien) mit atomstopp<\/em><\/p>\n<p>\u201eEs ist selbstverst\u00e4ndlich, dass wir unseren tschechischen Kolleg_innen und vor allem den bedrohten Bewohner_innen mit der Teilnahme an ihrem allsommerlichen Protestmarsch gegen die Errichtung eines Endlagers f\u00fcr die hochradioaktiven Abf\u00e4lle unsere Solidarit\u00e4t ausdr\u00fccken. Das Problem \u201eEndlagerung\u201c ist unl\u00f6sbar! Die Gemeinden in Tschechien wehren sich vehementest dagegen, auch nur als potenzielle Endlagerstandorte gef\u00fchrt zu werden\u201c, so Roland Egger und Gabriele Schweiger, Sprecher von atomstopp_oberoesterreich.<\/p>\n<p>\u201eDas tut den virtuellen Ausbaupl\u00e4nen in Tschechien aber keinen Abbruch, hat doch der Atomkonzern CEZ erst k\u00fcrzlich den Antrag auf eine Umweltvertr\u00e4glichkeitspr\u00fcfung zum Ausbau des Atomkraftwerks Dukovany gestellt. Willkommen in Absurdistan! Ohne zu wissen, wohin mit dem jetzt schon produzierten Atomm\u00fcll, phantasiert man \u00fcber einen weiteren Ausbau!\u201c, so Egger und Schweiger weiter.<\/p>\n<p>\u201eBevor nicht gekl\u00e4rt ist, wo der hochradioaktive Abfall f\u00fcr eine Million Jahre sicher gelagert werden soll, d\u00fcrfte es logischerweise keine Betriebsbewilligung f\u00fcr jedweden Atomreaktor geben! Aber Logik und Atomkraft sind offenbar Begriffe, die ganz und gar nicht zusammengehen\u201c, so Egger und Schweiger abschlie\u00dfend.<\/p>\n<p><em>Start der allsommerlichen Protestaktion: 13:30 Uhr am Bahnhof in Pacejov<\/em><br \/>\n<em> Kundgebung ab 15:00 Uhr auf der Drachenwiese in Manovice, ab 19:00 Uhr Abendprogramm<\/em><\/p>\n<p>Weitere Informationen:<br \/>\nRoland Egger + 43 680 23 93 019<br \/>\nGabriele Schweiger +43 680 33 33 625<\/p>\n","protected":false},"excerpt":{"rendered":"<p>Morgen, 23. Juli 2016: allsommerlicher Protestmarsch Pacejov-Manovice (Kreis Klatovy, Tschechien) mit atomstopp \u201eEs ist selbstverst\u00e4ndlich, dass wir unseren tschechischen Kolleg_innen und vor allem den bedrohten Bewohner_innen mit der Teilnahme an ihrem allsommerlichen Protestmarsch gegen die Errichtung eines Endlagers f\u00fcr die &hellip; <a href=\"https:\/\/www.muettergegenatomgefahr.at\/?p=1148\">Weiterlesen <span class=\"meta-nav\">&rarr;<\/span><\/a><\/p>\n","protected":false},"author":2,"featured_media":0,"comment_status":"open","ping_status":"open","sticky":false,"template":"","format":"standard","meta":{"footnotes":""},"categories":[1],"tags":[],"class_list":["post-1148","post","type-post","status-publish","format-standard","hentry","category-allgemein"],"_links":{"self":[{"href":"https:\/\/www.muettergegenatomgefahr.at\/index.php?rest_route=\/wp\/v2\/posts\/1148","targetHints":{"allow":["GET"]}}],"collection":[{"href":"https:\/\/www.muettergegenatomgefahr.at\/index.php?rest_route=\/wp\/v2\/posts"}],"about":[{"href":"https:\/\/www.muettergegenatomgefahr.at\/index.php?rest_route=\/wp\/v2\/types\/post"}],"author":[{"embeddable":true,"href":"https:\/\/www.muettergegenatomgefahr.at\/index.php?rest_route=\/wp\/v2\/users\/2"}],"replies":[{"embeddable":true,"href":"https:\/\/www.muettergegenatomgefahr.at\/index.php?rest_route=%2Fwp%2Fv2%2Fcomments&post=1148"}],"version-history":[{"count":1,"href":"https:\/\/www.muettergegenatomgefahr.at\/index.php?rest_route=\/wp\/v2\/posts\/1148\/revisions"}],"predecessor-version":[{"id":1149,"href":"https:\/\/www.muettergegenatomgefahr.at\/index.php?rest_route=\/wp\/v2\/posts\/1148\/revisions\/1149"}],"wp:attachment":[{"href":"https:\/\/www.muettergegenatomgefahr.at\/index.php?rest_route=%2Fwp%2Fv2%2Fmedia&parent=1148"}],"wp:term":[{"taxonomy":"category","embeddable":true,"href":"https:\/\/www.muettergegenatomgefahr.at\/index.php?rest_route=%2Fwp%2Fv2%2Fcategories&post=1148"},{"taxonomy":"post_tag","embeddable":true,"href":"https:\/\/www.muettergegenatomgefahr.at\/index.php?rest_route=%2Fwp%2Fv2%2Ftags&post=1148"}],"curies":[{"name":"wp","href":"https:\/\/api.w.org\/{rel}","templated":true}]}}