{"id":1153,"date":"2016-09-05T09:47:05","date_gmt":"2016-09-05T07:47:05","guid":{"rendered":"http:\/\/www.muettergegenatomgefahr.at\/?p=1153"},"modified":"2016-09-05T09:47:05","modified_gmt":"2016-09-05T07:47:05","slug":"atomstopp-ich-will-wissen-was-tun-sie-gegen-die-atomindustrie-nur-aussenminister-kurz-hat-antwort-darauf","status":"publish","type":"post","link":"https:\/\/www.muettergegenatomgefahr.at\/?p=1153","title":{"rendered":"atomstopp: \u201eIch will wissen: Was tun Sie gegen die Atomindustrie?\u201c &#8211; Nur Au\u00dfenminister Kurz hat Antwort darauf.\u00a0"},"content":{"rendered":"<p><em><span class=\"news_untertitel\">Ansuchen um pers\u00f6nliche Gespr\u00e4chstermine bei Bundeskanzler Kern und Umweltminister Rupprechter <\/span><\/em><\/p>\n<p><span class=\"news_text\">atomstopp ermunterte in den letzten Wochen mehr als 500 \u00d6sterreicher_innen sich mit Postkarten an Bundeskanzler Kern, Umweltminister Rupprechter und Au\u00dfenminister Kurz zu wenden, mit der konkreten Frage: \u201eIch will wissen: Was tun Sie gegen die F\u00f6rderung der Atomindustrie?<\/p>\n<p>\u201eErfreulicherweise haben wir aus dem B\u00fcro von Au\u00dfenminister Kurz Antwort bekommen. Darin wird zwar betont, dass man gegen die Finanzierung des Baus und der Laufzeitverl\u00e4ngerung von Atomkraftwerken sei und dass man gegen die Subventionen f\u00fcr Hinkley Point C geklagt habe, andererseits wird aber die Mitgliedschaft \u00d6sterreichs bei EURATOM verteidigt\u201c, so Roland Egger und Gabriele Schweiger, Sprecher von atomstopp_oberoesterreich.<\/p>\n<p>\u201eDa wir weder von Bundeskanzler Kern noch von Umweltminister Rupprechter eine Antwort auf die \u201eIch will wissen\u2026\u201c-Frage bekommen haben, werden wir um einen pers\u00f6nlichen Gespr\u00e4chstermin bei beiden ansuchen. Die Frage der F\u00f6rderung der Atomindustrie \u00fcber EURATOM und warum die \u00d6sterreicher_innen mit ihren Steuergeldern den Atomwahnsinn mitfinanzieren sollen, bedarf einer guten Erkl\u00e4rung\u201c, so Egger und Schweiger weiter.<\/p>\n<p>\u201e2017 j\u00e4hrt sich der Gr\u00fcndungstag von EURATOM zum 60. Mal. Seit 60 Jahren wird \u00fcber EURATOM die europ\u00e4ische Atomindustrie gef\u00f6rdert, werden ihr Wettbewerbsvorteile und somit ihr Fortbestand gesichert, auch mit \u00f6sterreichischen Steuergeldern. Damit sollte so rasch als m\u00f6glich Schluss sein!\u201c, so Egger und Schweiger abschlie\u00dfend.<\/p>\n<p>Weitere Informationen:<br \/>\nRoland Egger + 43 680 23 93 019<br \/>\nGabriele Schweiger +43 680 33 33 625<\/span><\/p>\n","protected":false},"excerpt":{"rendered":"<p>Ansuchen um pers\u00f6nliche Gespr\u00e4chstermine bei Bundeskanzler Kern und Umweltminister Rupprechter atomstopp ermunterte in den letzten Wochen mehr als 500 \u00d6sterreicher_innen sich mit Postkarten an Bundeskanzler Kern, Umweltminister Rupprechter und Au\u00dfenminister Kurz zu wenden, mit der konkreten Frage: \u201eIch will wissen: &hellip; <a href=\"https:\/\/www.muettergegenatomgefahr.at\/?p=1153\">Weiterlesen <span class=\"meta-nav\">&rarr;<\/span><\/a><\/p>\n","protected":false},"author":2,"featured_media":0,"comment_status":"open","ping_status":"open","sticky":false,"template":"","format":"standard","meta":{"footnotes":""},"categories":[1],"tags":[],"class_list":["post-1153","post","type-post","status-publish","format-standard","hentry","category-allgemein"],"_links":{"self":[{"href":"https:\/\/www.muettergegenatomgefahr.at\/index.php?rest_route=\/wp\/v2\/posts\/1153","targetHints":{"allow":["GET"]}}],"collection":[{"href":"https:\/\/www.muettergegenatomgefahr.at\/index.php?rest_route=\/wp\/v2\/posts"}],"about":[{"href":"https:\/\/www.muettergegenatomgefahr.at\/index.php?rest_route=\/wp\/v2\/types\/post"}],"author":[{"embeddable":true,"href":"https:\/\/www.muettergegenatomgefahr.at\/index.php?rest_route=\/wp\/v2\/users\/2"}],"replies":[{"embeddable":true,"href":"https:\/\/www.muettergegenatomgefahr.at\/index.php?rest_route=%2Fwp%2Fv2%2Fcomments&post=1153"}],"version-history":[{"count":1,"href":"https:\/\/www.muettergegenatomgefahr.at\/index.php?rest_route=\/wp\/v2\/posts\/1153\/revisions"}],"predecessor-version":[{"id":1154,"href":"https:\/\/www.muettergegenatomgefahr.at\/index.php?rest_route=\/wp\/v2\/posts\/1153\/revisions\/1154"}],"wp:attachment":[{"href":"https:\/\/www.muettergegenatomgefahr.at\/index.php?rest_route=%2Fwp%2Fv2%2Fmedia&parent=1153"}],"wp:term":[{"taxonomy":"category","embeddable":true,"href":"https:\/\/www.muettergegenatomgefahr.at\/index.php?rest_route=%2Fwp%2Fv2%2Fcategories&post=1153"},{"taxonomy":"post_tag","embeddable":true,"href":"https:\/\/www.muettergegenatomgefahr.at\/index.php?rest_route=%2Fwp%2Fv2%2Ftags&post=1153"}],"curies":[{"name":"wp","href":"https:\/\/api.w.org\/{rel}","templated":true}]}}