{"id":1157,"date":"2016-09-09T09:26:32","date_gmt":"2016-09-09T07:26:32","guid":{"rendered":"http:\/\/www.muettergegenatomgefahr.at\/?p=1157"},"modified":"2016-09-09T09:26:32","modified_gmt":"2016-09-09T07:26:32","slug":"atomstopp-antiatom-unterstuetzung-durch-bundespraesidentschaftskandidat-ing-hofer-abgesagt","status":"publish","type":"post","link":"https:\/\/www.muettergegenatomgefahr.at\/?p=1157","title":{"rendered":"atomstopp: Antiatom-Unterst\u00fctzung durch Bundespr\u00e4sidentschaftskandidat Ing. Hofer abgesagt?"},"content":{"rendered":"<p><em><span class=\"news_untertitel\">Bundespr\u00e4sident war bisher immer wichtiger F\u00fcrsprecher gegen Atomkraft <\/span><\/em><\/p>\n<p><span class=\"news_text\">\u201eEine unsch\u00f6ne Ansage: \u00fcber tschechische Medien mussten wir erfahren, dass Bundespr\u00e4sidentschaftskandidat Ing. Norbert Hofer sich als Bundespr\u00e4sident in Sachen Atomkraft in Nachbarl\u00e4ndern zur\u00fcckhalten wird und dass sich darum die Minister k\u00fcmmern sollten, nicht aber der Bundespr\u00e4sident\u201c, zeigen sich die Sprecher von atomstopp_oberoesterreich, Roland Egger und Gabriele Schweiger, erstaunt.<\/p>\n<p>\u201eEs ist befremdlich, dass sich ausgerechnet ein Kandidat zur Pr\u00e4sidentschaftswahl in dieser Frage derart heraus halten will. Bundespr\u00e4sident Dr. Heinz Fischer war uns immer einen verl\u00e4sslichen Partner, der bei Staatsbesuchen unerm\u00fcdlich auf das Atomthema hinwies. Die Abkehr von dieser Praxis w\u00e4re schwer verst\u00e4ndlich und k\u00f6nnte als v\u00f6llig falsches Eingest\u00e4ndnis gewertet werden! Unserer Ansicht nach ist es geradezu auch erste Pflicht eines Bundespr\u00e4sidenten, mit aller gebotenen Diplomatie und feinem Fingerspitzengef\u00fchl auf allen m\u00f6glichen Ebenen einzuwirken, dass die Nutzung der Atomkraft ein Ende findet, in Europa, weltweit\u201c, so Egger und Schweiger weiter.<\/p>\n<p>\u201eWer, wenn nicht der Bundespr\u00e4sident, sollte bei all seinen Staatsbesuchen ganz klar definierte \u00f6sterreichische Positionen repr\u00e4sentieren? \u00d6sterreich hat immerhin das Nein zur Atomkraft in der Verfassung stehen \u2013 weil rechtzeitig erkannt wurde, dass Atomkraft ein nicht beherrschbares Sicherheitsrisiko darstellt. Deshalb lehnen wir auch jede Relativierungen Richtung \u201esichere Atomkraftwerke\u201c entschieden ab. Wer sich argumentativ auf \u201esichere AKW\u201c einl\u00e4sst, l\u00e4sst sich auf eine Allianz mit der Atomindustrie ein. Das kann nie und nimmer \u00f6sterreichische Position werde.\u201c, so Egger und Schweiger abschlie\u00dfend.<\/p>\n<p>Weitere Informationen:<br \/>\nRoland Egger +43 680 23 93 019<br \/>\nGabriele Schweiger +43 680 33 33 625<br \/>\n<\/span><\/p>\n","protected":false},"excerpt":{"rendered":"<p>Bundespr\u00e4sident war bisher immer wichtiger F\u00fcrsprecher gegen Atomkraft \u201eEine unsch\u00f6ne Ansage: \u00fcber tschechische Medien mussten wir erfahren, dass Bundespr\u00e4sidentschaftskandidat Ing. Norbert Hofer sich als Bundespr\u00e4sident in Sachen Atomkraft in Nachbarl\u00e4ndern zur\u00fcckhalten wird und dass sich darum die Minister k\u00fcmmern sollten, &hellip; <a href=\"https:\/\/www.muettergegenatomgefahr.at\/?p=1157\">Weiterlesen <span class=\"meta-nav\">&rarr;<\/span><\/a><\/p>\n","protected":false},"author":2,"featured_media":0,"comment_status":"open","ping_status":"open","sticky":false,"template":"","format":"standard","meta":{"footnotes":""},"categories":[1],"tags":[],"class_list":["post-1157","post","type-post","status-publish","format-standard","hentry","category-allgemein"],"_links":{"self":[{"href":"https:\/\/www.muettergegenatomgefahr.at\/index.php?rest_route=\/wp\/v2\/posts\/1157","targetHints":{"allow":["GET"]}}],"collection":[{"href":"https:\/\/www.muettergegenatomgefahr.at\/index.php?rest_route=\/wp\/v2\/posts"}],"about":[{"href":"https:\/\/www.muettergegenatomgefahr.at\/index.php?rest_route=\/wp\/v2\/types\/post"}],"author":[{"embeddable":true,"href":"https:\/\/www.muettergegenatomgefahr.at\/index.php?rest_route=\/wp\/v2\/users\/2"}],"replies":[{"embeddable":true,"href":"https:\/\/www.muettergegenatomgefahr.at\/index.php?rest_route=%2Fwp%2Fv2%2Fcomments&post=1157"}],"version-history":[{"count":1,"href":"https:\/\/www.muettergegenatomgefahr.at\/index.php?rest_route=\/wp\/v2\/posts\/1157\/revisions"}],"predecessor-version":[{"id":1158,"href":"https:\/\/www.muettergegenatomgefahr.at\/index.php?rest_route=\/wp\/v2\/posts\/1157\/revisions\/1158"}],"wp:attachment":[{"href":"https:\/\/www.muettergegenatomgefahr.at\/index.php?rest_route=%2Fwp%2Fv2%2Fmedia&parent=1157"}],"wp:term":[{"taxonomy":"category","embeddable":true,"href":"https:\/\/www.muettergegenatomgefahr.at\/index.php?rest_route=%2Fwp%2Fv2%2Fcategories&post=1157"},{"taxonomy":"post_tag","embeddable":true,"href":"https:\/\/www.muettergegenatomgefahr.at\/index.php?rest_route=%2Fwp%2Fv2%2Ftags&post=1157"}],"curies":[{"name":"wp","href":"https:\/\/api.w.org\/{rel}","templated":true}]}}