{"id":1169,"date":"2016-09-28T11:58:09","date_gmt":"2016-09-28T09:58:09","guid":{"rendered":"http:\/\/www.muettergegenatomgefahr.at\/?p=1169"},"modified":"2016-09-29T12:01:06","modified_gmt":"2016-09-29T10:01:06","slug":"atomstopp-nur-umwelt-und-aussenminister-als-anti-atomvertreter-auf-eu-ebene","status":"publish","type":"post","link":"https:\/\/www.muettergegenatomgefahr.at\/?p=1169","title":{"rendered":"atomstopp: Nur Umwelt- und Au\u00dfenminister als Anti-Atomvertreter auf EU-Ebene"},"content":{"rendered":"<p><em>Nuklearfrage kein Thema f\u00fcr Kanzler Kern?<\/em><\/p>\n<p>&#8222;Ern\u00fcchtert nehmen wir zur Kenntnis, dass nur die Bundesminister Andr\u00e4 Rupprechter und Sebastian Kurz eine Antwort wagen auf die Frage nach Ihren jeweiligen Aktivit\u00e4ten gegen die Atomkraft auf europ\u00e4ischer Ebene \u2013 nicht aber Bundeskanzler Christian Kern!&#8220;, so Gabriele Schweiger und Roland Egger, Sprecher von atomstopp_oberoesterreich. Mit der Postkartenaktion &#8222;ICH WILL WISSEN&#8230;&#8220; hatte die Organisation in den vergangenen Monaten hunderten B\u00fcrger_innen die M\u00f6glichkeit geboten, pers\u00f6nlich nachzufragen, was die Fachminister bzw. der Regierungschef denn konkret tun w\u00fcrden gegen die Atomindustrie in Europa.<\/p>\n<p>&#8222;Ausgerechnet Kanzler Kern ist nicht nur uns vom Verein atomstopp, sondern auch hunderten besorgten und engagierten Menschen in \u00d6sterreich eine Antwort schuldig geblieben. So stellt sich nat\u00fcrlich die Frage: Hat Kern keine Antwort, oder will er die Frage nicht beantworten? Oder ist es gar so, dass die Nuklearfrage f\u00fcr Kanzler Kern kein Thema ist?&#8220;, versuchen Schweiger und Egger das Schweigen des Kanzlers zu interpretieren.<\/p>\n<p>&#8222;Wir werden uns jedenfalls weiterhin um eine Aussprache mit Bundeskanzler Kern bem\u00fchen, denn eines ist zweifelsfrei klar: So sehr die Atomindustrie in Europa auch in wirtschaftlicher Bedr\u00e4ngnis ist, genauso privilegiert wird sie nach wie vor via EURATOM und entsprechend hohen Druck wird sie auch zuk\u00fcnftig f\u00fcr ihren Weiterbestand machen k\u00f6nnen!&#8220;, warnen Schweiger und Egger davor, zu glauben, sich aus \u00f6sterreichischer Sicht auf eine &#8222;G\u00b4mahde-Wiesen-Position&#8220; zur\u00fcck ziehen zu k\u00f6nnen.<\/p>\n<p>Genau dazu bestehe \u00fcberhaupt kein Anlass, so Schweiger und Egger: &#8222;Gerade in der n\u00e4chsten Zeit wird es besonders f\u00fcr erkl\u00e4rte Anti-Atomstaaten wie \u00d6sterreich besonders wichtig, sprungbereit zu bleiben und jeder Pro-Atomregung Paroli zu bieten. Die bekannten wirtschaftlichen Schwierigkeiten beim Neubau von AKW werden eine massive Welle an Laufzeitverl\u00e4ngerungen mit sich ziehen. Und das ist besonders gef\u00e4hrlich und deshalb unbedingt zu bek\u00e4mpfen!&#8220;<\/p>\n<p>&#8222;Alle \u00f6sterreichischen Vertreter_innen m\u00fcssen in der Anti-Atomfrage absolut sattelfest sein und d\u00fcrfen keine Gelegenheit auslassen, an der Vision einer atomkraftfreien EU mitzubauen!&#8220;, so die Schweiger und Egger abschlie\u00dfend.<\/p>\n<p>Weitere Informationen:<br \/>\nGabriele Schweiger +43 680 33 33 625<br \/>\nRoland Egger + 43 680 23 93 019<\/p>\n","protected":false},"excerpt":{"rendered":"<p>Nuklearfrage kein Thema f\u00fcr Kanzler Kern? &#8222;Ern\u00fcchtert nehmen wir zur Kenntnis, dass nur die Bundesminister Andr\u00e4 Rupprechter und Sebastian Kurz eine Antwort wagen auf die Frage nach Ihren jeweiligen Aktivit\u00e4ten gegen die Atomkraft auf europ\u00e4ischer Ebene \u2013 nicht aber Bundeskanzler &hellip; <a href=\"https:\/\/www.muettergegenatomgefahr.at\/?p=1169\">Weiterlesen <span class=\"meta-nav\">&rarr;<\/span><\/a><\/p>\n","protected":false},"author":2,"featured_media":0,"comment_status":"open","ping_status":"open","sticky":false,"template":"","format":"standard","meta":{"footnotes":""},"categories":[1],"tags":[],"class_list":["post-1169","post","type-post","status-publish","format-standard","hentry","category-allgemein"],"_links":{"self":[{"href":"https:\/\/www.muettergegenatomgefahr.at\/index.php?rest_route=\/wp\/v2\/posts\/1169","targetHints":{"allow":["GET"]}}],"collection":[{"href":"https:\/\/www.muettergegenatomgefahr.at\/index.php?rest_route=\/wp\/v2\/posts"}],"about":[{"href":"https:\/\/www.muettergegenatomgefahr.at\/index.php?rest_route=\/wp\/v2\/types\/post"}],"author":[{"embeddable":true,"href":"https:\/\/www.muettergegenatomgefahr.at\/index.php?rest_route=\/wp\/v2\/users\/2"}],"replies":[{"embeddable":true,"href":"https:\/\/www.muettergegenatomgefahr.at\/index.php?rest_route=%2Fwp%2Fv2%2Fcomments&post=1169"}],"version-history":[{"count":1,"href":"https:\/\/www.muettergegenatomgefahr.at\/index.php?rest_route=\/wp\/v2\/posts\/1169\/revisions"}],"predecessor-version":[{"id":1170,"href":"https:\/\/www.muettergegenatomgefahr.at\/index.php?rest_route=\/wp\/v2\/posts\/1169\/revisions\/1170"}],"wp:attachment":[{"href":"https:\/\/www.muettergegenatomgefahr.at\/index.php?rest_route=%2Fwp%2Fv2%2Fmedia&parent=1169"}],"wp:term":[{"taxonomy":"category","embeddable":true,"href":"https:\/\/www.muettergegenatomgefahr.at\/index.php?rest_route=%2Fwp%2Fv2%2Fcategories&post=1169"},{"taxonomy":"post_tag","embeddable":true,"href":"https:\/\/www.muettergegenatomgefahr.at\/index.php?rest_route=%2Fwp%2Fv2%2Ftags&post=1169"}],"curies":[{"name":"wp","href":"https:\/\/api.w.org\/{rel}","templated":true}]}}