{"id":1175,"date":"2016-09-30T12:24:54","date_gmt":"2016-09-30T10:24:54","guid":{"rendered":"http:\/\/www.muettergegenatomgefahr.at\/?p=1175"},"modified":"2016-10-03T11:47:41","modified_gmt":"2016-10-03T09:47:41","slug":"enef-jaehrlicher-tanz-der-atomlobbiysten-mit-eu-sponsoring","status":"publish","type":"post","link":"https:\/\/www.muettergegenatomgefahr.at\/?p=1175","title":{"rendered":"ENEF \u2013 j\u00e4hrlicher Tanz der Atomlobbyisten mit EU-Sponsoring"},"content":{"rendered":"<p><em>EU-Energieressort f\u00f6rdert N\u00e4hrboden f\u00fcr Atomindustrie<\/em><\/p>\n<p>\u201eEs wundert nicht, dass das j\u00e4hrlich stattfindende ENEF (The European Nuclear Energy Forum also das Europ\u00e4ische Forum f\u00fcr Atomenergie) abwechselnd zwischen zwei Austragungsorten pendelt: einerseits Prag und, so wie auch heuer, Bratislava. Die Atomeliten Europas scheinen sich hier pudelwohl zu f\u00fchlen, wissen sie sich doch bei absolut atomtreuen Gastgebern bestens aufgehoben. Dass sich dabei gerade diese Plattform auf die Fahnen heftet \u201e&#8230;f\u00fcr eine breite Diskussion, frei von Tabus, \u00fcber die Chancen und Risiken der Kernenergie&#8230;\u201c zu stehen, stimmt jedoch nachdenklich\u201c, so Gabriele Schweiger und Roland Egger, Sprecher von atomstopp_oberoesterreich.<\/p>\n<p>\u201eBedenklich ist auch, dass sich die Generaldirektion Energie an der Ausrichtung der zweit\u00e4gigen Veranstaltung am 3. Und 4. Oktober organisatorisch und finanziell beteiligt! Das ist einseitig und benachteiligt alle anderen Energieformen \u2013 ganz im Sinne von EURATOM. Die Teilnehmer_innenliste liest sich in weiten Teilen wie das Who-is-Who der europ\u00e4ischen Atombef\u00fcrworterschaft. Man muss schon sehr blau\u00e4ugig sein, um zu glauben, dass nicht genau ein Forum wie dieses ausschlie\u00dflich dazu genutzt wird, der schw\u00e4chelnden europ\u00e4ischen Atomindustrie einen willkommenen N\u00e4hrboden f\u00fcr ihr \u00dcberleben zu bieten. \u201c, so Schweiger und Egger weiter. \u201eVon einer breiten Diskussion, frei von Tabus, kann wohl keine Rede sein.\u201c<\/p>\n<p>\u201eDieses Vorgehen ist ein Paradebeispiel, wie die Privilegierungsmaschinerie EURATOM fest im System verankert ist. Die oberste Verwaltungseinheit f\u00fcr Energie sollte ihrem Namen gerecht werden, frei von \u00fcberholten Vorgaben und deshalb hochrangige Strategieforen ausschlie\u00dflich dann f\u00f6rdern, wenn sie einer ausgewogenen, neutralen Diskussion zur Energiezukunft Europas geschuldet sind! Mehr als die H\u00e4lfte aller EU-Staaten verzichtet mittlerweile auf Atomenergie oder hat den Ausstieg bereits beschlossen. Dieser Verh\u00e4ltnism\u00e4\u00dfigkeit muss das europ\u00e4ische Ressort f\u00fcr Energiefragen Rechnung tragen!\u201c, so Schweiger und Egger abschlie\u00dfend.<\/p>\n<p>Weitere Informationen:<\/p>\n<p>Gabriele Schweiger 0680\/33 33 625<\/p>\n<p>Roland Egger 0680\/23 93 019<\/p>\n<p>&nbsp;<\/p>\n<p>&nbsp;<\/p>\n<p>&nbsp;<\/p>\n<p>&nbsp;<\/p>\n<p>&nbsp;<\/p>\n","protected":false},"excerpt":{"rendered":"<p>EU-Energieressort f\u00f6rdert N\u00e4hrboden f\u00fcr Atomindustrie \u201eEs wundert nicht, dass das j\u00e4hrlich stattfindende ENEF (The European Nuclear Energy Forum also das Europ\u00e4ische Forum f\u00fcr Atomenergie) abwechselnd zwischen zwei Austragungsorten pendelt: einerseits Prag und, so wie auch heuer, Bratislava. Die Atomeliten Europas &hellip; <a href=\"https:\/\/www.muettergegenatomgefahr.at\/?p=1175\">Weiterlesen <span class=\"meta-nav\">&rarr;<\/span><\/a><\/p>\n","protected":false},"author":2,"featured_media":0,"comment_status":"open","ping_status":"open","sticky":false,"template":"","format":"standard","meta":{"footnotes":""},"categories":[1],"tags":[],"class_list":["post-1175","post","type-post","status-publish","format-standard","hentry","category-allgemein"],"_links":{"self":[{"href":"https:\/\/www.muettergegenatomgefahr.at\/index.php?rest_route=\/wp\/v2\/posts\/1175","targetHints":{"allow":["GET"]}}],"collection":[{"href":"https:\/\/www.muettergegenatomgefahr.at\/index.php?rest_route=\/wp\/v2\/posts"}],"about":[{"href":"https:\/\/www.muettergegenatomgefahr.at\/index.php?rest_route=\/wp\/v2\/types\/post"}],"author":[{"embeddable":true,"href":"https:\/\/www.muettergegenatomgefahr.at\/index.php?rest_route=\/wp\/v2\/users\/2"}],"replies":[{"embeddable":true,"href":"https:\/\/www.muettergegenatomgefahr.at\/index.php?rest_route=%2Fwp%2Fv2%2Fcomments&post=1175"}],"version-history":[{"count":2,"href":"https:\/\/www.muettergegenatomgefahr.at\/index.php?rest_route=\/wp\/v2\/posts\/1175\/revisions"}],"predecessor-version":[{"id":1177,"href":"https:\/\/www.muettergegenatomgefahr.at\/index.php?rest_route=\/wp\/v2\/posts\/1175\/revisions\/1177"}],"wp:attachment":[{"href":"https:\/\/www.muettergegenatomgefahr.at\/index.php?rest_route=%2Fwp%2Fv2%2Fmedia&parent=1175"}],"wp:term":[{"taxonomy":"category","embeddable":true,"href":"https:\/\/www.muettergegenatomgefahr.at\/index.php?rest_route=%2Fwp%2Fv2%2Fcategories&post=1175"},{"taxonomy":"post_tag","embeddable":true,"href":"https:\/\/www.muettergegenatomgefahr.at\/index.php?rest_route=%2Fwp%2Fv2%2Ftags&post=1175"}],"curies":[{"name":"wp","href":"https:\/\/api.w.org\/{rel}","templated":true}]}}