{"id":1180,"date":"2016-10-10T16:01:29","date_gmt":"2016-10-10T14:01:29","guid":{"rendered":"http:\/\/www.muettergegenatomgefahr.at\/?p=1180"},"modified":"2016-10-10T16:01:29","modified_gmt":"2016-10-10T14:01:29","slug":"atomstopp-waldviertler-energiestammtisch-innovation-auf-geschichtstraechtigem-boden","status":"publish","type":"post","link":"https:\/\/www.muettergegenatomgefahr.at\/?p=1180","title":{"rendered":"atomstopp: Waldviertler Energiestammtisch &#8211; Innovation auf geschichtstr\u00e4chtigem Boden"},"content":{"rendered":"<p><em>Erneuerbare Energien und Mobilit\u00e4t der Zukunft gedeihen pr\u00e4chtig!<\/em><\/p>\n<p>Mehr als 16 Jahre liegen die ersten Grenzblockaden wegen des AKW Temelin zur\u00fcck. Wenn auch von manchen ungeliebt und umstritten, so ist es damit dennoch gelungen, dem kontroversen Thema Atomkraft eine neue Qualit\u00e4t an Aufmerksamkeit zu verleihen &#8211; die Auseinandersetzung um Temelin wurde zum internationalen Thema. Doch noch ein Effekt, der nicht wegzuleugnen ist und bis in die Gegenwart herein reicht, hat sich eingestellt: der Waldviertler Energiestammtisch mit seiner spannenden, grenz\u00fcberschreitenden Zusammenarbeit zwischen Atomgegner_innen bzw. Pionieren der Erneuerbaren Energien.<\/p>\n<p>Der Waldviertler Energiestammtisch findet diesmal am 13. Oktober 2016 zum bereits 184. Mal statt \u2013 zweisprachig und auf geschichtstr\u00e4chtigem Boden, n\u00e4mlich an der Avia-Station unweit des ehemals gut bewachten Grenz\u00fcbergangs Gm\u00fcnd\/Velenice. Dort also wo die Probleme aufgezeigt und energisch diskutiert wurden trifft man sich nun zum informativen, energievollen Austausch. \u201eGrenze\u201c hat l\u00e4ngst nicht mehr die strenge Bedeutung wie damals, auch sprachlich ist die Barriere \u00fcberwunden, denn dank Simultan\u00fcbersetzung \u2013 erm\u00f6glicht durch das Land Nieder\u00f6sterreich &#8211; k\u00f6nnen Menschen von h\u00fcben wie dr\u00fcben mitreden, wenn es um die Herausforderungen einer gemeinsamen Energiezukunft geht. Es hat sich also viel bewegt und Bewegung ist quasi auch das zur innovativen Avia-Station passende zentrale Thema des Abends: die Mobilit\u00e4t.<\/p>\n<p><strong>184. Waldviertler Energiestammtisch: \u201eMobilit\u00e4t und Tankstelle der Zukunft\u201c<\/strong><br \/>\nDo, 13 Okt. 2016, Avia-Station Gm\u00fcnd<\/p>\n<p>18:00h Besichtigung, Erfahrungsbericht E-Mobilit\u00e4t, Probefahrt, Carsharing<br \/>\n19:30h Abendprogramm mit Vortr\u00e4gen von<\/p>\n<p>\u2022 Jakub Hru\u0161ka, Carsharing Br\u00fcnn<br \/>\n\u2022 Andreas Weber, Inhaber Avia-Station Gm\u00fcnd<br \/>\n\u2022 Fritz Herzog, Energieexperte aus Wolkersdorf<\/p>\n<p>&#8222;Wir begl\u00fcckw\u00fcnschen unsere Kolleg_innen vom Waldviertler Energiestammtisch zu ihrer regionenverbindenden Initiative und vor allem zur Beharrlichkeit, die den Energiestammtisch zu der beliebten Institution gemacht hat, die sie heute ist!&#8220; so Gabriele Schweiger und Roland Egger, Sprecher von atomstopp_oberoesterreich. &#8222;Regionen zu st\u00e4rken und ihre besonderen Zukunftsbed\u00fcrfnisse nachhaltig auszugestalten ist wohl eine der wichtigsten Aufgaben, die es gegenw\u00e4rtig zu bew\u00e4ltigen gibt! Gern teilen wir daher die Einladung unserer nieder\u00f6sterreichischen Mitstreiter_innen!\u201c, so Schweiger und Egger abschlie\u00dfend.<\/p>\n<p>Weitere Hinweise:<br \/>\nGabriele Schweiger +43680\/33 33 625<br \/>\nRoland Egger +43680\/23 93 019<br \/>\nAnsprechpartnerin vor Ort: Renate Brandner-Wei\u00df +43664\/43 65 393<b class=\"news_text\"> <\/b><\/p>\n","protected":false},"excerpt":{"rendered":"<p>Erneuerbare Energien und Mobilit\u00e4t der Zukunft gedeihen pr\u00e4chtig! Mehr als 16 Jahre liegen die ersten Grenzblockaden wegen des AKW Temelin zur\u00fcck. Wenn auch von manchen ungeliebt und umstritten, so ist es damit dennoch gelungen, dem kontroversen Thema Atomkraft eine neue &hellip; <a href=\"https:\/\/www.muettergegenatomgefahr.at\/?p=1180\">Weiterlesen <span class=\"meta-nav\">&rarr;<\/span><\/a><\/p>\n","protected":false},"author":2,"featured_media":0,"comment_status":"open","ping_status":"open","sticky":false,"template":"","format":"standard","meta":{"footnotes":""},"categories":[1],"tags":[],"class_list":["post-1180","post","type-post","status-publish","format-standard","hentry","category-allgemein"],"_links":{"self":[{"href":"https:\/\/www.muettergegenatomgefahr.at\/index.php?rest_route=\/wp\/v2\/posts\/1180","targetHints":{"allow":["GET"]}}],"collection":[{"href":"https:\/\/www.muettergegenatomgefahr.at\/index.php?rest_route=\/wp\/v2\/posts"}],"about":[{"href":"https:\/\/www.muettergegenatomgefahr.at\/index.php?rest_route=\/wp\/v2\/types\/post"}],"author":[{"embeddable":true,"href":"https:\/\/www.muettergegenatomgefahr.at\/index.php?rest_route=\/wp\/v2\/users\/2"}],"replies":[{"embeddable":true,"href":"https:\/\/www.muettergegenatomgefahr.at\/index.php?rest_route=%2Fwp%2Fv2%2Fcomments&post=1180"}],"version-history":[{"count":1,"href":"https:\/\/www.muettergegenatomgefahr.at\/index.php?rest_route=\/wp\/v2\/posts\/1180\/revisions"}],"predecessor-version":[{"id":1181,"href":"https:\/\/www.muettergegenatomgefahr.at\/index.php?rest_route=\/wp\/v2\/posts\/1180\/revisions\/1181"}],"wp:attachment":[{"href":"https:\/\/www.muettergegenatomgefahr.at\/index.php?rest_route=%2Fwp%2Fv2%2Fmedia&parent=1180"}],"wp:term":[{"taxonomy":"category","embeddable":true,"href":"https:\/\/www.muettergegenatomgefahr.at\/index.php?rest_route=%2Fwp%2Fv2%2Fcategories&post=1180"},{"taxonomy":"post_tag","embeddable":true,"href":"https:\/\/www.muettergegenatomgefahr.at\/index.php?rest_route=%2Fwp%2Fv2%2Ftags&post=1180"}],"curies":[{"name":"wp","href":"https:\/\/api.w.org\/{rel}","templated":true}]}}