{"id":1199,"date":"2016-10-27T11:48:36","date_gmt":"2016-10-27T09:48:36","guid":{"rendered":"http:\/\/www.muettergegenatomgefahr.at\/?p=1199"},"modified":"2016-10-27T11:51:06","modified_gmt":"2016-10-27T09:51:06","slug":"atomstopp-hatscherte-turbine-verhindert-volle-leistung-in-temelin","status":"publish","type":"post","link":"https:\/\/www.muettergegenatomgefahr.at\/?p=1199","title":{"rendered":"atomstopp: Hatscherte Turbine verhindert volle Leistung in Temelin"},"content":{"rendered":"<p><em>Folgen der Turbinenvibrationen f\u00fcr sicheren Betrieb?<\/em><\/p>\n<p>&#8222;Der Atomwirtschaft in Tschechien w\u00e4chst offensichtlich grad alles \u00fcber den Kopf: W\u00e4hrend sich die Suche nach einem geeigneten Endlager f\u00fcr Atomm\u00fcll st\u00e4ndig im Kreis dreht, l\u00e4uft die Turbine im Block II des AKW Temelin alles andere als rund! Kommt der Reaktor wohl \u00fcberhaupt nochmal aus der Reparaturphase heraus?&#8220;, fragen sich Gabriele Schweiger und Roland Egger, Sprecher von atomstopp_oberoesterreich.<\/p>\n<p><a href=\"http:\/\/www.muettergegenatomgefahr.at\/wp-content\/uploads\/uvp-temelin-34-meine-einwendung-gegen-den-ausbau-temelins_1334562507_thumb.png\"><img loading=\"lazy\" decoding=\"async\" class=\"wp-image-449 alignleft\" src=\"http:\/\/www.muettergegenatomgefahr.at\/wp-content\/uploads\/uvp-temelin-34-meine-einwendung-gegen-den-ausbau-temelins_1334562507_thumb.png\" alt=\"temelin - gefahr steigt\" width=\"314\" height=\"200\" \/><\/a>Der vor rund vierzehn Jahren gestartete Reaktor stand heuer schon mehrere Monate still und seit dem Anfahren Ende August ist es nicht gelungen, den Reaktor auf Volllast zu fahren. Block I ist derzeit ebenfalls wegen des Brennstoffwechsels vom Netz. Probleme mit den Turbinen waren bei beiden Reaktoren von Anfang an virulent. &#8222;Es scheint, dass das AKW Temelin f\u00fcr den Volllastbetrieb nur eingeschr\u00e4nkt geeignet ist. Selbst der Betreiber CEZ hat gestern eingestanden, dass dieser Zustand nicht l\u00e4nger tragbar ist und eine erneute \u00dcberpr\u00fcfung der Turbine durch den Pilsener Hersteller Skoda gefordert.&#8220;, so Schweiger und Egger.<\/p>\n<p>F\u00fcr Dezember wird deshalb eine weitere Au\u00dferbetriebnahme in Aussicht gestellt, um diese Arbeiten durchf\u00fchren zu k\u00f6nnen. &#8222;CEZ sollte die Gelegenheit nutzen, sich auch um die offenen Sicherheitsfragen aus dem Melker Abkommen zu k\u00fcmmern und kritisch die Frage stellen, ob und welche Auswirkungen die Turbinenvibrationen auf den sicheren Betrieb des Atomkraftwerks haben!&#8220;, so Schweiger und Egger abschlie\u00dfend.<\/p>\n<p>Weitere Informationen:<br \/>\nGabriele Schweiger +43680\/33 33 625<br \/>\nRoland Egger +43680\/23 93 019<b class=\"news_text\"> <\/b><\/p>\n","protected":false},"excerpt":{"rendered":"<p>Folgen der Turbinenvibrationen f\u00fcr sicheren Betrieb? &#8222;Der Atomwirtschaft in Tschechien w\u00e4chst offensichtlich grad alles \u00fcber den Kopf: W\u00e4hrend sich die Suche nach einem geeigneten Endlager f\u00fcr Atomm\u00fcll st\u00e4ndig im Kreis dreht, l\u00e4uft die Turbine im Block II des AKW Temelin &hellip; <a href=\"https:\/\/www.muettergegenatomgefahr.at\/?p=1199\">Weiterlesen <span class=\"meta-nav\">&rarr;<\/span><\/a><\/p>\n","protected":false},"author":2,"featured_media":0,"comment_status":"open","ping_status":"open","sticky":false,"template":"","format":"standard","meta":{"footnotes":""},"categories":[1],"tags":[],"class_list":["post-1199","post","type-post","status-publish","format-standard","hentry","category-allgemein"],"_links":{"self":[{"href":"https:\/\/www.muettergegenatomgefahr.at\/index.php?rest_route=\/wp\/v2\/posts\/1199","targetHints":{"allow":["GET"]}}],"collection":[{"href":"https:\/\/www.muettergegenatomgefahr.at\/index.php?rest_route=\/wp\/v2\/posts"}],"about":[{"href":"https:\/\/www.muettergegenatomgefahr.at\/index.php?rest_route=\/wp\/v2\/types\/post"}],"author":[{"embeddable":true,"href":"https:\/\/www.muettergegenatomgefahr.at\/index.php?rest_route=\/wp\/v2\/users\/2"}],"replies":[{"embeddable":true,"href":"https:\/\/www.muettergegenatomgefahr.at\/index.php?rest_route=%2Fwp%2Fv2%2Fcomments&post=1199"}],"version-history":[{"count":3,"href":"https:\/\/www.muettergegenatomgefahr.at\/index.php?rest_route=\/wp\/v2\/posts\/1199\/revisions"}],"predecessor-version":[{"id":1202,"href":"https:\/\/www.muettergegenatomgefahr.at\/index.php?rest_route=\/wp\/v2\/posts\/1199\/revisions\/1202"}],"wp:attachment":[{"href":"https:\/\/www.muettergegenatomgefahr.at\/index.php?rest_route=%2Fwp%2Fv2%2Fmedia&parent=1199"}],"wp:term":[{"taxonomy":"category","embeddable":true,"href":"https:\/\/www.muettergegenatomgefahr.at\/index.php?rest_route=%2Fwp%2Fv2%2Fcategories&post=1199"},{"taxonomy":"post_tag","embeddable":true,"href":"https:\/\/www.muettergegenatomgefahr.at\/index.php?rest_route=%2Fwp%2Fv2%2Ftags&post=1199"}],"curies":[{"name":"wp","href":"https:\/\/api.w.org\/{rel}","templated":true}]}}