{"id":1212,"date":"2016-11-23T11:53:39","date_gmt":"2016-11-23T09:53:39","guid":{"rendered":"http:\/\/www.muettergegenatomgefahr.at\/?p=1212"},"modified":"2016-11-23T11:53:39","modified_gmt":"2016-11-23T09:53:39","slug":"atomstopp-sicherheitsfragen-im-akw-temelin-aus-melker-abkommen-immer-noch-ungeloest","status":"publish","type":"post","link":"https:\/\/www.muettergegenatomgefahr.at\/?p=1212","title":{"rendered":"atomstopp: Sicherheitsfragen im AKW Temelin aus Melker Abkommen immer noch ungel\u00f6st"},"content":{"rendered":"<p><em>Nationalratspr\u00e4sident Kopf muss bei tschechischem Au\u00dfenminister Zaoralek intervenieren<\/em><\/p>\n<p>&#8222;Wenn morgen, Donnerstag, der zweite Nationalratspr\u00e4sident Karlheinz Kopf den tschechischen Au\u00dfenminister Lubomir Zaoralek zu einem Gespr\u00e4ch trifft, ist das eine sehr passende Gelegenheit, auf die bis dato offene Behebung der Sicherheitsm\u00e4ngel im AKW Temelin zu dr\u00e4ngen!&#8220;, so Gabriele Schweiger und Roland Egger, Sprecher von atomstopp_oberoesterreich.<\/p>\n<p>Tschechien sicherte am 29. November 2001 zu, dem AKW Temelin erst dann den kommerziellen Betrieb zu erlauben, wenn alle offenen Fragen gekl\u00e4rt sind.<\/p>\n<p>&#8222;Herr Kopf war im Jahr 2007 Umweltsprecher der \u00d6VP und Teil jener Interparlamentarischen Kommission, die sich mit den offenen Sicherheitsfragen intensiv auseinandersetzte. Herr Kopf wei\u00df, dass es immer noch &#8211; auch 15 Jahre nach Abschluss des Melker Abkommens &#8211; Fragen gibt, die Tschechien nicht beantworten kann oder beantworten will, etwa, wenn es um die baulichen M\u00e4ngel der hochenergetischen Leitungen auf der 28,8m-B\u00fchne geht oder um die Erdbebengef\u00e4hrdung am Standort&#8220;, so Schweiger und Egger weiter.<\/p>\n<p>&#8222;Dass Tschechien nun \u00fcberlegt, ein Endlager f\u00fcr den hochradioaktiven Abfall am Standort Temelin zu errichten, versch\u00e4rft die Sicherheitsfrage zus\u00e4tzlich. Wir erwarten uns, dass Nationalratspr\u00e4sident Kopf beim tschechischen Au\u00dfenminister interveniert und hinsichtlich der offenen Sicherheitsfragen auf eine rasche und l\u00fcckenlose Behebung dr\u00e4ngt&#8220;, so Schweiger und Egger abschlie\u00dfend.<\/p>\n<p>Weitere Informationen:<br \/>\nGabriele Schweiger + 43 680 33 33 625<br \/>\nRoland Egger + 43 680 23 93 019<\/p>\n","protected":false},"excerpt":{"rendered":"<p>Nationalratspr\u00e4sident Kopf muss bei tschechischem Au\u00dfenminister Zaoralek intervenieren &#8222;Wenn morgen, Donnerstag, der zweite Nationalratspr\u00e4sident Karlheinz Kopf den tschechischen Au\u00dfenminister Lubomir Zaoralek zu einem Gespr\u00e4ch trifft, ist das eine sehr passende Gelegenheit, auf die bis dato offene Behebung der Sicherheitsm\u00e4ngel im &hellip; <a href=\"https:\/\/www.muettergegenatomgefahr.at\/?p=1212\">Weiterlesen <span class=\"meta-nav\">&rarr;<\/span><\/a><\/p>\n","protected":false},"author":2,"featured_media":0,"comment_status":"open","ping_status":"open","sticky":false,"template":"","format":"standard","meta":{"footnotes":""},"categories":[1],"tags":[],"class_list":["post-1212","post","type-post","status-publish","format-standard","hentry","category-allgemein"],"_links":{"self":[{"href":"https:\/\/www.muettergegenatomgefahr.at\/index.php?rest_route=\/wp\/v2\/posts\/1212","targetHints":{"allow":["GET"]}}],"collection":[{"href":"https:\/\/www.muettergegenatomgefahr.at\/index.php?rest_route=\/wp\/v2\/posts"}],"about":[{"href":"https:\/\/www.muettergegenatomgefahr.at\/index.php?rest_route=\/wp\/v2\/types\/post"}],"author":[{"embeddable":true,"href":"https:\/\/www.muettergegenatomgefahr.at\/index.php?rest_route=\/wp\/v2\/users\/2"}],"replies":[{"embeddable":true,"href":"https:\/\/www.muettergegenatomgefahr.at\/index.php?rest_route=%2Fwp%2Fv2%2Fcomments&post=1212"}],"version-history":[{"count":1,"href":"https:\/\/www.muettergegenatomgefahr.at\/index.php?rest_route=\/wp\/v2\/posts\/1212\/revisions"}],"predecessor-version":[{"id":1213,"href":"https:\/\/www.muettergegenatomgefahr.at\/index.php?rest_route=\/wp\/v2\/posts\/1212\/revisions\/1213"}],"wp:attachment":[{"href":"https:\/\/www.muettergegenatomgefahr.at\/index.php?rest_route=%2Fwp%2Fv2%2Fmedia&parent=1212"}],"wp:term":[{"taxonomy":"category","embeddable":true,"href":"https:\/\/www.muettergegenatomgefahr.at\/index.php?rest_route=%2Fwp%2Fv2%2Fcategories&post=1212"},{"taxonomy":"post_tag","embeddable":true,"href":"https:\/\/www.muettergegenatomgefahr.at\/index.php?rest_route=%2Fwp%2Fv2%2Ftags&post=1212"}],"curies":[{"name":"wp","href":"https:\/\/api.w.org\/{rel}","templated":true}]}}