{"id":1220,"date":"2016-11-27T19:49:59","date_gmt":"2016-11-27T17:49:59","guid":{"rendered":"http:\/\/www.muettergegenatomgefahr.at\/?p=1220"},"modified":"2016-11-27T19:49:59","modified_gmt":"2016-11-27T17:49:59","slug":"atomstopp-trotz-nein-der-schweizer_innen-ist-der-atomausstieg-auf-schiene","status":"publish","type":"post","link":"https:\/\/www.muettergegenatomgefahr.at\/?p=1220","title":{"rendered":"atomstopp: Trotz &#8218;Nein&#8216; der Schweizer_innen ist der Atomausstieg auf Schiene"},"content":{"rendered":"<p><em>Kampagne f\u00fcr Haftpflicht f\u00fcr AKW-Betreiber auch f\u00fcr die Schweiz!<\/em><\/p>\n<p>&#8222;Auch wenn die Schweizer_innen heute f\u00fcr einen Atomausstieg zum &#8218;St- Nimmerleins-Tag&#8216; gestimmt haben \u2013 die Diskussion, um die Abschaltung aller Reaktoren terminlich zu fixieren, ist unumst\u00f6\u00dflich eingeleitet!\u201c, reagieren Gabriele Schweiger und Roland Egger, Sprecher von atomstopp_oberoesterreich auf das &#8218;Nein&#8216; zum geordneten Ausstieg aus der Atomenergie in der Schweiz.<\/p>\n<p>Bundesrat und Regierung hatten nach Fukushima zwar ein Auslaufen der Atomkraft in der Schweiz beschlossen, jedoch ohne konkretes Ausstiegsdatum. Schon im Vorfeld des Referendums hatten Stimmen aus Parteien, die diesem Beschluss die Mehrheit gebracht hatten, ihre Meinungs\u00e4nderung angedeutet. So hie\u00df es beispielsweise aus der CVP <a href=\"http:\/\/www.derbund.ch\/schweiz\/standard\/Laufzeitbegrenzung-fuer-AKW-kommt-auf-jeden-Fall\/story\/31108838\">&gt;Es war ein Fehler, auf Abstellregeln zu verzichten, das hat der Abstimmungskampf gezeigt&#8230; Wenn das Volk knapp Nein sagt zur Initiative, m\u00fcssen wir dem Rechnung tragen&lt;<\/a>.<\/p>\n<p>&#8222;Wir werden auf jeden Fall bei unserer Kampagne &#8218;Haftung f\u00fcr Atomkraftwerksbetreiber&#8216; nun auch die schweizerischen Antiatomkolleginnen einbinden! Denn, auch wenn unsere Petition an das Europ\u00e4ische Parlament gerichtet ist und die Schweiz als Nicht-EU-Mitglied auszuschlie\u00dfen scheint, so w\u00e4re die Betroffenheit bei einem m\u00f6gliche Unfall in einem schweizerischen AKW durchaus eine europ\u00e4ische! In der Schweiz l\u00e4uft mit Beznau I immerhin das \u00e4lteste AKW weltweit und die Anf\u00e4lligkeit f\u00fcr schwere Unf\u00e4lle steigt mit dem Alter der Meiler drastisch an.\u201c, so Schweiger und Egger weiter.<\/p>\n<p><a href=\"http:\/\/www.atomkraftfrei-leben.at\/petition.php?id=14\" target=\"_blank\">Die Petition &#8218;Atomkraft: Haftung f\u00fcr Sch\u00e4den muss endlich Pflicht der Betreiber werden!&#8216; kann hier ganz einfach online unterzeichnet werden\u00a0<\/a><\/p>\n<p>\u201eGerade die Wirtschaftlichkeit von Atomreaktoren spielt in der Schweiz eine wesentliche Rolle. Gelingt es, den Kostenfaktor Haftpflichtversicherung zu forcieren, so wird die fehlende Kostenwahrheit und damit einhergehend das Hasardspiel besser sichtbar! Wir z\u00e4hlen darauf, dass diese \u00dcberlegung gerade in der \u00f6konomisch tickenden Schweiz zum Thema werden kann!\u201c, so Schweiger und Egger abschlie\u00dfend.<\/p>\n<p>Weiter Hinweise:<br \/>\nGabriele Schweiger +43680\/33 33 625<br \/>\nRoland Egger +43680\/23 93 019<\/p>\n","protected":false},"excerpt":{"rendered":"<p>Kampagne f\u00fcr Haftpflicht f\u00fcr AKW-Betreiber auch f\u00fcr die Schweiz! &#8222;Auch wenn die Schweizer_innen heute f\u00fcr einen Atomausstieg zum &#8218;St- Nimmerleins-Tag&#8216; gestimmt haben \u2013 die Diskussion, um die Abschaltung aller Reaktoren terminlich zu fixieren, ist unumst\u00f6\u00dflich eingeleitet!\u201c, reagieren Gabriele Schweiger und &hellip; <a href=\"https:\/\/www.muettergegenatomgefahr.at\/?p=1220\">Weiterlesen <span class=\"meta-nav\">&rarr;<\/span><\/a><\/p>\n","protected":false},"author":2,"featured_media":0,"comment_status":"open","ping_status":"open","sticky":false,"template":"","format":"standard","meta":{"footnotes":""},"categories":[1],"tags":[],"class_list":["post-1220","post","type-post","status-publish","format-standard","hentry","category-allgemein"],"_links":{"self":[{"href":"https:\/\/www.muettergegenatomgefahr.at\/index.php?rest_route=\/wp\/v2\/posts\/1220","targetHints":{"allow":["GET"]}}],"collection":[{"href":"https:\/\/www.muettergegenatomgefahr.at\/index.php?rest_route=\/wp\/v2\/posts"}],"about":[{"href":"https:\/\/www.muettergegenatomgefahr.at\/index.php?rest_route=\/wp\/v2\/types\/post"}],"author":[{"embeddable":true,"href":"https:\/\/www.muettergegenatomgefahr.at\/index.php?rest_route=\/wp\/v2\/users\/2"}],"replies":[{"embeddable":true,"href":"https:\/\/www.muettergegenatomgefahr.at\/index.php?rest_route=%2Fwp%2Fv2%2Fcomments&post=1220"}],"version-history":[{"count":1,"href":"https:\/\/www.muettergegenatomgefahr.at\/index.php?rest_route=\/wp\/v2\/posts\/1220\/revisions"}],"predecessor-version":[{"id":1221,"href":"https:\/\/www.muettergegenatomgefahr.at\/index.php?rest_route=\/wp\/v2\/posts\/1220\/revisions\/1221"}],"wp:attachment":[{"href":"https:\/\/www.muettergegenatomgefahr.at\/index.php?rest_route=%2Fwp%2Fv2%2Fmedia&parent=1220"}],"wp:term":[{"taxonomy":"category","embeddable":true,"href":"https:\/\/www.muettergegenatomgefahr.at\/index.php?rest_route=%2Fwp%2Fv2%2Fcategories&post=1220"},{"taxonomy":"post_tag","embeddable":true,"href":"https:\/\/www.muettergegenatomgefahr.at\/index.php?rest_route=%2Fwp%2Fv2%2Ftags&post=1220"}],"curies":[{"name":"wp","href":"https:\/\/api.w.org\/{rel}","templated":true}]}}