{"id":1226,"date":"2017-01-02T12:24:58","date_gmt":"2017-01-02T10:24:58","guid":{"rendered":"http:\/\/www.muettergegenatomgefahr.at\/?p=1226"},"modified":"2017-04-21T10:23:19","modified_gmt":"2017-04-21T08:23:19","slug":"atomstopp-euratom-laut-medienkritiker-eines-der-bestverdraengten-themen","status":"publish","type":"post","link":"https:\/\/www.muettergegenatomgefahr.at\/?p=1226","title":{"rendered":"atomstopp: EURATOM laut Medienkritiker eines der bestverdr\u00e4ngten Themen"},"content":{"rendered":"<p><em><span class=\"news_untertitel\">60 Jahre F\u00f6rdervertrag f\u00fcr die Atomindustrie sind genug! <\/span><\/em><\/p>\n<p><span class=\"news_text\">Die INA, die Initiative Nachrichtenaufkl\u00e4rung e.V., zeigt 2016 die Europ\u00e4ische Atomgemeinschaft EURATOM als eines der bestverdr\u00e4ngten Themen in deutschen Medien auf.<\/span><\/p>\n<p>\u201eDas k\u00f6nnen wir auch f\u00fcr \u00d6sterreich best\u00e4tigen!\u201c, so Gabriele Schweiger und Roland Egger, Sprecher von atomstopp_oberoesterreich. Die medienkritische NGO INA macht regelm\u00e4\u00dfig auf Themen und Nachrichten aufmerksam, die von den deutschen Massenmedien vernachl\u00e4ssigt werden. Einmal j\u00e4hrlich pr\u00e4sentiert die INA die Top Ten dieser Erkenntnisse \u2013 diesmal auf dem 2. Rang des Verschweigens, also ganz vorne mit dabei, der EURATOM-Vertrag und seine fatale Wirkung auf das energiepolitische Entwicklungspotential Europas.<\/p>\n<p>\u201eEURATOM bekommt in der Medienberichterstattung viel zu wenig Platz \u2013 und das obwohl es sich bei dieser F\u00f6rdergemeinschaft um die elementare Grundlage f\u00fcr den europ\u00e4ischen Atomwahnsinn handelt\u201c, so Schweiger und Egger, die seit vielen Jahren f\u00fcr eine ernsthafte Auseinandersetzung mit der EURATOM-Problematik k\u00e4mpfen. \u201eWir reden gegen zunehmend taube Ohren, zust\u00e4ndige Politiker_innen reagieren mit genervtem Augenrollen. Und das, obwohl l\u00e4ngst klar ist: Ohne diesen unheilvollen Vertrag g\u00e4be es die Atomindustrie in Europa mitsamt ihrer Vormachtstellung definitiv nicht mehr!\u201c<\/p>\n<p>Gro\u00dfe Hoffnung setzten die beiden auf das frische Jahr 2017, denn der EURATOM-Vertrag mitsamt seinen Privilegien f\u00fcr eine einzelne Industrieform wird heuer sagenhafte 60 Jahre alt. \u201eWir werden nicht aufh\u00f6ren, den blinden Fleck EURATOM solange zu thematisieren, bis endlich Bewegung in die Jahrzehnte lange Blockadestrategie kommt. Atomkraft hat schon bisher viel zu viel Unheil \u00fcber die Welt gebracht, allein diese Folgen zu beseitigen, wird noch Generationen nach uns dauerhaft fordern! Die Europ\u00e4ische Union muss dringend Rahmenbedingungen schaffen, die der Atomindustrie endlich auf einen Platz verweisen, der ihr zusteht, n\u00e4mlich den in den Geschichtsb\u00fcchern als antiquiert, gef\u00e4hrlich und v\u00f6llig unzeitgem\u00e4\u00df\u201c, so Schweiger und Egger abschlie\u00dfend.<\/p>\n<p>Weitere Hinweise:<br \/>\nGabriele Schweiger 0680\/33 33 625<br \/>\nRoland Egger 0680\/23 93 019<\/p>\n<p>http:\/\/www.derblindefleck.de\/top-ten-der-vernachlaessigten-nachrichten-2016\/<\/p>\n","protected":false},"excerpt":{"rendered":"<p>60 Jahre F\u00f6rdervertrag f\u00fcr die Atomindustrie sind genug! Die INA, die Initiative Nachrichtenaufkl\u00e4rung e.V., zeigt 2016 die Europ\u00e4ische Atomgemeinschaft EURATOM als eines der bestverdr\u00e4ngten Themen in deutschen Medien auf. \u201eDas k\u00f6nnen wir auch f\u00fcr \u00d6sterreich best\u00e4tigen!\u201c, so Gabriele Schweiger und &hellip; <a href=\"https:\/\/www.muettergegenatomgefahr.at\/?p=1226\">Weiterlesen <span class=\"meta-nav\">&rarr;<\/span><\/a><\/p>\n","protected":false},"author":2,"featured_media":0,"comment_status":"open","ping_status":"open","sticky":false,"template":"","format":"standard","meta":{"footnotes":""},"categories":[1],"tags":[],"class_list":["post-1226","post","type-post","status-publish","format-standard","hentry","category-allgemein"],"_links":{"self":[{"href":"https:\/\/www.muettergegenatomgefahr.at\/index.php?rest_route=\/wp\/v2\/posts\/1226","targetHints":{"allow":["GET"]}}],"collection":[{"href":"https:\/\/www.muettergegenatomgefahr.at\/index.php?rest_route=\/wp\/v2\/posts"}],"about":[{"href":"https:\/\/www.muettergegenatomgefahr.at\/index.php?rest_route=\/wp\/v2\/types\/post"}],"author":[{"embeddable":true,"href":"https:\/\/www.muettergegenatomgefahr.at\/index.php?rest_route=\/wp\/v2\/users\/2"}],"replies":[{"embeddable":true,"href":"https:\/\/www.muettergegenatomgefahr.at\/index.php?rest_route=%2Fwp%2Fv2%2Fcomments&post=1226"}],"version-history":[{"count":2,"href":"https:\/\/www.muettergegenatomgefahr.at\/index.php?rest_route=\/wp\/v2\/posts\/1226\/revisions"}],"predecessor-version":[{"id":1284,"href":"https:\/\/www.muettergegenatomgefahr.at\/index.php?rest_route=\/wp\/v2\/posts\/1226\/revisions\/1284"}],"wp:attachment":[{"href":"https:\/\/www.muettergegenatomgefahr.at\/index.php?rest_route=%2Fwp%2Fv2%2Fmedia&parent=1226"}],"wp:term":[{"taxonomy":"category","embeddable":true,"href":"https:\/\/www.muettergegenatomgefahr.at\/index.php?rest_route=%2Fwp%2Fv2%2Fcategories&post=1226"},{"taxonomy":"post_tag","embeddable":true,"href":"https:\/\/www.muettergegenatomgefahr.at\/index.php?rest_route=%2Fwp%2Fv2%2Ftags&post=1226"}],"curies":[{"name":"wp","href":"https:\/\/api.w.org\/{rel}","templated":true}]}}