{"id":1228,"date":"2017-01-06T13:27:56","date_gmt":"2017-01-06T11:27:56","guid":{"rendered":"http:\/\/www.muettergegenatomgefahr.at\/?p=1228"},"modified":"2017-01-06T13:28:52","modified_gmt":"2017-01-06T11:28:52","slug":"atomstopp-worauf-warten-wir-noch-herr-kern","status":"publish","type":"post","link":"https:\/\/www.muettergegenatomgefahr.at\/?p=1228","title":{"rendered":"atomstopp: Worauf warten wir noch, Herr Kern?"},"content":{"rendered":"<p><em>EURATOM &#8211; 60 Jahre sind genug!<\/em><\/p>\n<p><span class=\"news_text\">&#8222;Bundeskanzler Christian Kern wirft im Rahmen seiner Rede zur Zukunft \u00d6sterreichs am 11. J\u00e4nner in Wels die Frage auf &#8218;Worauf warten wir noch?&#8216; und liefert die Antwort &#8218;Zeit, die Dinge neu zu ordnen&#8216; gleich dazu. Dem k\u00f6nnen uns wir aus der Antiatombewegung nur anschlie\u00dfen!&#8220;, so Gabriele Schweiger und Roland Egger, Sprecher von atomstopp_oberoesterreich.\u00a0<\/span><\/p>\n<p>&#8222;Viel zu lange warten wir schon, dass \u00d6sterreich endlich aus EURATOM aussteigt \u2013 denn so viel ist klar: Mit einer Revision des Vertrags zur Europ\u00e4ischen Atomgemeinschaft, wie uns das alle bisherigen Bundesregierungen wiederholt versprochen hatten, wird es bestimmt nichts mehr werden! Bundeskanzler Kern tut gut daran, endlich einzugestehen, dass aus einem Atomf\u00f6rderverein heraus keine Antiatompolitik zu machen ist! Die Dinge geh\u00f6ren dringend neu geordnet!&#8220;, so Schweiger und Egger, die seit Jah<a href=\"http:\/\/www.muettergegenatomgefahr.at\/wp-content\/uploads\/worauf_warten.jpeg\"><img loading=\"lazy\" decoding=\"async\" class=\"wp-image-1229 alignleft\" src=\"http:\/\/www.muettergegenatomgefahr.at\/wp-content\/uploads\/worauf_warten-300x165.jpeg\" alt=\"worauf_warten\" width=\"422\" height=\"232\" srcset=\"https:\/\/www.muettergegenatomgefahr.at\/wp-content\/uploads\/worauf_warten-300x165.jpeg 300w, https:\/\/www.muettergegenatomgefahr.at\/wp-content\/uploads\/worauf_warten.jpeg 685w\" sizes=\"auto, (max-width: 422px) 100vw, 422px\" \/><\/a>ren daf\u00fcr k\u00e4mpfen, dass die Mitgliedschaft \u00d6sterreichs bei EURATOM ein Ende findet.<\/p>\n<p>&#8222;\u00d6sterreich, als erkl\u00e4rt atomkraftfeindliches Land muss beispielhaft vorangehen und mit einem Ausstieg aus EURATOM diese v\u00f6llig veraltete Institution in Frage stellen! Wir sind \u00fcberzeugt, dass dadurch eine Diskussion auf europ\u00e4ischer Ebene angeregt wird, die letztlich zu einem Aus f\u00fcr den l\u00e4ngst \u00fcberholten, nicht mehr zeitgem\u00e4\u00dfen Vertrag f\u00fchren wird. Auch in anderen Staaten, wie zum Beispiel in Deutschland, wo der Atomausstieg voll im Gange ist, wird ernsthaft \u00fcber so einen Schritt nachgedacht. Die Zeit ist reif, f\u00fcr eine Neuordnung der Dinge in Sachen zukunftsf\u00e4hige Energiepolitik, nicht nur f\u00fcr \u00d6sterreich, sondern auch f\u00fcr die Zukunft Europas!&#8220;, so Schweiger und Egger abschlie\u00dfend.<\/p>\n<p>Weitere Hinweise:<br \/>\nGabriele Schweiger 0680\/33 33 625<br \/>\nRoland Egger 0680\/23 93 019<\/p>\n","protected":false},"excerpt":{"rendered":"<p>EURATOM &#8211; 60 Jahre sind genug! &#8222;Bundeskanzler Christian Kern wirft im Rahmen seiner Rede zur Zukunft \u00d6sterreichs am 11. J\u00e4nner in Wels die Frage auf &#8218;Worauf warten wir noch?&#8216; und liefert die Antwort &#8218;Zeit, die Dinge neu zu ordnen&#8216; gleich &hellip; <a href=\"https:\/\/www.muettergegenatomgefahr.at\/?p=1228\">Weiterlesen <span class=\"meta-nav\">&rarr;<\/span><\/a><\/p>\n","protected":false},"author":2,"featured_media":0,"comment_status":"open","ping_status":"open","sticky":false,"template":"","format":"standard","meta":{"footnotes":""},"categories":[1],"tags":[],"class_list":["post-1228","post","type-post","status-publish","format-standard","hentry","category-allgemein"],"_links":{"self":[{"href":"https:\/\/www.muettergegenatomgefahr.at\/index.php?rest_route=\/wp\/v2\/posts\/1228","targetHints":{"allow":["GET"]}}],"collection":[{"href":"https:\/\/www.muettergegenatomgefahr.at\/index.php?rest_route=\/wp\/v2\/posts"}],"about":[{"href":"https:\/\/www.muettergegenatomgefahr.at\/index.php?rest_route=\/wp\/v2\/types\/post"}],"author":[{"embeddable":true,"href":"https:\/\/www.muettergegenatomgefahr.at\/index.php?rest_route=\/wp\/v2\/users\/2"}],"replies":[{"embeddable":true,"href":"https:\/\/www.muettergegenatomgefahr.at\/index.php?rest_route=%2Fwp%2Fv2%2Fcomments&post=1228"}],"version-history":[{"count":2,"href":"https:\/\/www.muettergegenatomgefahr.at\/index.php?rest_route=\/wp\/v2\/posts\/1228\/revisions"}],"predecessor-version":[{"id":1231,"href":"https:\/\/www.muettergegenatomgefahr.at\/index.php?rest_route=\/wp\/v2\/posts\/1228\/revisions\/1231"}],"wp:attachment":[{"href":"https:\/\/www.muettergegenatomgefahr.at\/index.php?rest_route=%2Fwp%2Fv2%2Fmedia&parent=1228"}],"wp:term":[{"taxonomy":"category","embeddable":true,"href":"https:\/\/www.muettergegenatomgefahr.at\/index.php?rest_route=%2Fwp%2Fv2%2Fcategories&post=1228"},{"taxonomy":"post_tag","embeddable":true,"href":"https:\/\/www.muettergegenatomgefahr.at\/index.php?rest_route=%2Fwp%2Fv2%2Ftags&post=1228"}],"curies":[{"name":"wp","href":"https:\/\/api.w.org\/{rel}","templated":true}]}}