{"id":1244,"date":"2017-01-26T10:57:18","date_gmt":"2017-01-26T08:57:18","guid":{"rendered":"http:\/\/www.muettergegenatomgefahr.at\/?p=1244"},"modified":"2017-01-26T10:57:18","modified_gmt":"2017-01-26T08:57:18","slug":"atomstoppplage-willkommensgruss-an-einen-konsequenten-antiatom-bundespraesidenten","status":"publish","type":"post","link":"https:\/\/www.muettergegenatomgefahr.at\/?p=1244","title":{"rendered":"atomstopp\/PLAGE: Willkommensgru\u00df an einen konsequenten Antiatom-Bundespr\u00e4sidenten"},"content":{"rendered":"<p><em>Deklarierter EURATOM-Gegner Van der Bellen kann entscheidende Impulse setzen<\/em>!<\/p>\n<p>&#8222;Wir freuen uns, dass mit Alexander Van der Bellen ein Atomkraftgegner ohne Wenn und Aber als \u00f6sterreichischer Bundespr\u00e4sident nun sein Amt antritt! Es ist aus unserer Sicht von gro\u00dfer Bedeutung, welche Pers\u00f6nlichkeit die au\u00dfergew\u00f6hnliche Rolle \u00d6sterreichs als erkl\u00e4rte Antiatomnation vision\u00e4r nach au\u00dfen tr\u00e4gt. Van der Bellen ist wohl ein Atomgegner der konsequenten Art, er ist einer, in dem wir nicht nur auf moralischer, auf politischer Ebene einen Verb\u00fcndeten sehen, sondern auch einer, der durch seine Expertise als \u00d6konom einen besonders klaren Blick auf die wirtschaftliche Unsinnigkeit und Gef\u00e4hrlichkeit der Atomkraftnutzung hat!&#8220;, zeigen sich Gabriele Schweiger und Roland Egger, Sprecher von atomstopp_oberoesterreich zuversichtlich.<\/p>\n<p>Gemeinsam mit Heinz Stockinger von der PLAGE, der Salzburger Plattform gegen Atomgefahren, erinnern sie an eine gern verdr\u00e4ngte, aber in Wahrheit nicht l\u00e4nger hinnehmbare Tatsache: &#8222;2017 wird der unselige EURATOM-Vertrag 60 Jahre alt, das ist der Vertrag zur Europ\u00e4ischen Atomgemeinschaft, der sehr eindr\u00fccklich dokumentiert, wie es so weit kommen konnte, dass die Atomkonzerne eine derartige Vormachtstellung am europ\u00e4ischen Energiesektor erlangen. &#8218;[&#8230;] alle Voraussetzungen f\u00fcr eine m\u00e4chtige Atomindustrie in Europa zu schaffen [&#8230;]&#8216; , das ist das erkl\u00e4rte Ziel des EURATOM-Vertrages &#8211; und dieses Ziel ist definitiv erreicht worden. Dass dies letztlich nicht &#8218;[&#8230;] zum Wohlstand der V\u00f6lker [&#8230;]&#8216;, beigetragen hat, ist mittlerweile klar. Es ist h\u00f6chste Zeit, die Energiezukunft Europas neu zu definieren!&#8220;, so Schweiger, Egger und Stockinger.<\/p>\n<p>Die Atomgegner_innen richten einen dringenden Appell an den frischgebackenen ersten Repr\u00e4sentanten des Staates: &#8222;Herr Van der Bellen, Sie selbst haben das von uns initiierte EURATOM-Volksbegehren unterschrieben. Wir arbeiten nach wie vor daran, den Missstand zu korrigieren, dass alle EU-Staaten, egal ob sie Atomkraft in der Agenda f\u00fchren oder nicht, zahlend und Mandat gebend dem Atomf\u00f6rderverein EURATOM angeh\u00f6ren. Mehr noch: Wir stellen generell in Frage, dass so eine Institution in einem zeitgem\u00e4\u00dfen und zukunftsf\u00e4higen Europa \u00fcberhaupt Existenzberechtigung hat! Wir wollen eine Entmachtung, eine Entprivilegierung der Atomindustrie erreichen, dazu haben wir Ideen! Und wir sind zuversichtlich, sehr bald mit Ihnen, wie schon im Fr\u00fchjahr f\u00fcr den Fall Ihres Wahlsieges angek\u00fcndigt, einen pers\u00f6nlichen Termin vereinbaren zu k\u00f6nnen, um geeignete Pl\u00e4ne zu schmieden, um in gegenseitiger Unterst\u00fctzung wirkungsvolle Impulse setzen zu k\u00f6nnen &#8211; Impulse f\u00fcr ein atomkraftfreies Europa, f\u00fcr eine atomkraftfreie Erde!&#8220;, so Schweiger, Egger und Stockinger abschlie\u00dfend.<\/p>\n<p>Weitere Informationen:<br \/>\nGabriele Schweiger 0680\/33 33 625<br \/>\nRoland Egger 0680\/23 93 019<br \/>\nHeinz Stockinger 0662\/64 35 67<\/p>\n","protected":false},"excerpt":{"rendered":"<p>Deklarierter EURATOM-Gegner Van der Bellen kann entscheidende Impulse setzen! &#8222;Wir freuen uns, dass mit Alexander Van der Bellen ein Atomkraftgegner ohne Wenn und Aber als \u00f6sterreichischer Bundespr\u00e4sident nun sein Amt antritt! Es ist aus unserer Sicht von gro\u00dfer Bedeutung, welche &hellip; <a href=\"https:\/\/www.muettergegenatomgefahr.at\/?p=1244\">Weiterlesen <span class=\"meta-nav\">&rarr;<\/span><\/a><\/p>\n","protected":false},"author":2,"featured_media":0,"comment_status":"open","ping_status":"open","sticky":false,"template":"","format":"standard","meta":{"footnotes":""},"categories":[1],"tags":[],"class_list":["post-1244","post","type-post","status-publish","format-standard","hentry","category-allgemein"],"_links":{"self":[{"href":"https:\/\/www.muettergegenatomgefahr.at\/index.php?rest_route=\/wp\/v2\/posts\/1244","targetHints":{"allow":["GET"]}}],"collection":[{"href":"https:\/\/www.muettergegenatomgefahr.at\/index.php?rest_route=\/wp\/v2\/posts"}],"about":[{"href":"https:\/\/www.muettergegenatomgefahr.at\/index.php?rest_route=\/wp\/v2\/types\/post"}],"author":[{"embeddable":true,"href":"https:\/\/www.muettergegenatomgefahr.at\/index.php?rest_route=\/wp\/v2\/users\/2"}],"replies":[{"embeddable":true,"href":"https:\/\/www.muettergegenatomgefahr.at\/index.php?rest_route=%2Fwp%2Fv2%2Fcomments&post=1244"}],"version-history":[{"count":1,"href":"https:\/\/www.muettergegenatomgefahr.at\/index.php?rest_route=\/wp\/v2\/posts\/1244\/revisions"}],"predecessor-version":[{"id":1245,"href":"https:\/\/www.muettergegenatomgefahr.at\/index.php?rest_route=\/wp\/v2\/posts\/1244\/revisions\/1245"}],"wp:attachment":[{"href":"https:\/\/www.muettergegenatomgefahr.at\/index.php?rest_route=%2Fwp%2Fv2%2Fmedia&parent=1244"}],"wp:term":[{"taxonomy":"category","embeddable":true,"href":"https:\/\/www.muettergegenatomgefahr.at\/index.php?rest_route=%2Fwp%2Fv2%2Fcategories&post=1244"},{"taxonomy":"post_tag","embeddable":true,"href":"https:\/\/www.muettergegenatomgefahr.at\/index.php?rest_route=%2Fwp%2Fv2%2Ftags&post=1244"}],"curies":[{"name":"wp","href":"https:\/\/api.w.org\/{rel}","templated":true}]}}