{"id":1254,"date":"2017-02-24T10:29:21","date_gmt":"2017-02-24T08:29:21","guid":{"rendered":"http:\/\/www.muettergegenatomgefahr.at\/?p=1254"},"modified":"2017-02-27T10:30:24","modified_gmt":"2017-02-27T08:30:24","slug":"atomstopp-rueckschlag-fuer-die-glaubwuerdigkeit-der-antiatomoffensive-oberoesterreichs","status":"publish","type":"post","link":"https:\/\/www.muettergegenatomgefahr.at\/?p=1254","title":{"rendered":"atomstopp: R\u00fcckschlag f\u00fcr die Glaubw\u00fcrdigkeit der Antiatomoffensive Ober\u00f6sterreichs"},"content":{"rendered":"<p><span id=\"ucPreviewMsg_lblMessage\" class=\"PreviewMsgText visualIEFloatFix\"><em>Wind-Desasterplan schadet Energiewende und Wirtschaft gleicherma\u00dfen<\/em><\/p>\n<p>Offensichtlich nur zu einem Aufschub, nicht aber zu einem Nachdenken und Nachbessern ist es bez\u00fcglich Windkraft in Ober\u00f6sterreich gekommen: &#8222;Der Wind-Desasterplan bleibt, die Expertise der Branche wurde Insider_innen Zufolge erst recht wieder nicht abgerufen!&#8220;, zeigen sich Gabriele Schweiger und Roland Egger, Sprecher von atomstopp_oberoesterreich, von der offensichtlichen Neuauflage des Desasterplans in Sachen Windkraft f\u00fcr Ober\u00f6sterreich entt\u00e4uscht.<\/p>\n<p>&#8222;Dass ausgerechnet die Regierung des Antiatom-Vorreiterlandes Ober\u00f6sterreich sich bei der Nutzung der Windkraft derart bockstarrig verh\u00e4lt, ist befremdlich und zudem ein gro\u00dfer Fehler! Nicht nur der Wirtschaftsstandort Ober\u00f6sterreich geh\u00f6rt so zu den Verlierern sondern auch die Glaubw\u00fcrdigkeit unserer Ambitionen f\u00fcr ein atomkraftfreies Europa, f\u00fcr eine atomkraftfreie Welt.&#8220;, so Schweiger und Egger weiter.<\/p>\n<p>&#8222;Wir ziehen aus unserm konsequenten Nein zum Atomstrom ein klares Ja zur optimalen Nutzung der Windkraft als Energieversorger f\u00fcr Haushalte und Industrie. Soll Energieeffizienz jemals ausgewogen funktionieren, d\u00fcrfen wir es uns nicht leisten, einzelne erneuerbare Energieversorger k\u00fcnstlich und vors\u00e4tzlich auszubooten! Wir appellieren erneut an die Fachgremien des Landes, eine echte \u00dcberdenkphase einzuleiten, um lokalem Handeln in Verbindung mit \u00fcberregionalen und vernetzten Strategien eine ehrliche Chance zu geben!&#8220;, so Schweiger und Egger abschlie\u00dfend.<\/p>\n<p>F\u00fcr R\u00fcckfragen:<br \/>\nGabriele Schweiger 0680\/33 33 625<br \/>\nRoland Egger 0680\/23 93 019<\/span><\/p>\n","protected":false},"excerpt":{"rendered":"<p>Wind-Desasterplan schadet Energiewende und Wirtschaft gleicherma\u00dfen Offensichtlich nur zu einem Aufschub, nicht aber zu einem Nachdenken und Nachbessern ist es bez\u00fcglich Windkraft in Ober\u00f6sterreich gekommen: &#8222;Der Wind-Desasterplan bleibt, die Expertise der Branche wurde Insider_innen Zufolge erst recht wieder nicht abgerufen!&#8220;, &hellip; <a href=\"https:\/\/www.muettergegenatomgefahr.at\/?p=1254\">Weiterlesen <span class=\"meta-nav\">&rarr;<\/span><\/a><\/p>\n","protected":false},"author":2,"featured_media":0,"comment_status":"open","ping_status":"open","sticky":false,"template":"","format":"standard","meta":{"footnotes":""},"categories":[1],"tags":[],"class_list":["post-1254","post","type-post","status-publish","format-standard","hentry","category-allgemein"],"_links":{"self":[{"href":"https:\/\/www.muettergegenatomgefahr.at\/index.php?rest_route=\/wp\/v2\/posts\/1254","targetHints":{"allow":["GET"]}}],"collection":[{"href":"https:\/\/www.muettergegenatomgefahr.at\/index.php?rest_route=\/wp\/v2\/posts"}],"about":[{"href":"https:\/\/www.muettergegenatomgefahr.at\/index.php?rest_route=\/wp\/v2\/types\/post"}],"author":[{"embeddable":true,"href":"https:\/\/www.muettergegenatomgefahr.at\/index.php?rest_route=\/wp\/v2\/users\/2"}],"replies":[{"embeddable":true,"href":"https:\/\/www.muettergegenatomgefahr.at\/index.php?rest_route=%2Fwp%2Fv2%2Fcomments&post=1254"}],"version-history":[{"count":1,"href":"https:\/\/www.muettergegenatomgefahr.at\/index.php?rest_route=\/wp\/v2\/posts\/1254\/revisions"}],"predecessor-version":[{"id":1255,"href":"https:\/\/www.muettergegenatomgefahr.at\/index.php?rest_route=\/wp\/v2\/posts\/1254\/revisions\/1255"}],"wp:attachment":[{"href":"https:\/\/www.muettergegenatomgefahr.at\/index.php?rest_route=%2Fwp%2Fv2%2Fmedia&parent=1254"}],"wp:term":[{"taxonomy":"category","embeddable":true,"href":"https:\/\/www.muettergegenatomgefahr.at\/index.php?rest_route=%2Fwp%2Fv2%2Fcategories&post=1254"},{"taxonomy":"post_tag","embeddable":true,"href":"https:\/\/www.muettergegenatomgefahr.at\/index.php?rest_route=%2Fwp%2Fv2%2Ftags&post=1254"}],"curies":[{"name":"wp","href":"https:\/\/api.w.org\/{rel}","templated":true}]}}