{"id":1259,"date":"2017-03-10T14:11:15","date_gmt":"2017-03-10T12:11:15","guid":{"rendered":"http:\/\/www.muettergegenatomgefahr.at\/?p=1259"},"modified":"2017-03-10T14:15:35","modified_gmt":"2017-03-10T12:15:35","slug":"ohne-power-to-change-keine-gesicherte-energiezukunft","status":"publish","type":"post","link":"https:\/\/www.muettergegenatomgefahr.at\/?p=1259","title":{"rendered":"Ohne POWER TO CHANGE keine gesicherte Energiezukunft!"},"content":{"rendered":"<p><span id=\"ucPreviewMsg_lblMessage\" class=\"PreviewMsgText visualIEFloatFix\"><em>Fukushima\u0096 auch 6 Jahre danach kein Ende abzusehen<\/em><\/span><\/p>\n<p>&#8222;6 Jahre ist es her, dass mit der Atomkatastrophe in Fukushima einmal mehr bewiesen wurde: Atomkraft ist letztendlich nicht beherrschbar. Noch heute leiden Tausende unter den Folgen, gesundheitlich, wirtschaftlich, sozial &#8211; und ein Ende ist nicht abzusehen. Die japanische Regierung versucht Normalit\u00e4t herzustellen, wo keine sein kann. Beim Umgang mit der Strahlenverseuchung wurde von Anfang an geschlampt und somit die unmittelbaren Auswirkungen des GAUs nur noch verschlimmert! Es wird eine Monsteraufgabe und au\u00dferdem noch Generationen dauern, den gesamtgesellschaftlichen Schaden halbwegs in den Griff zu bekommen! Das muss Warnung genug sein, um die Konsequenzen zu ziehen und der Atomkraft ein Ende zu bereiten, nicht nur in Japan, sonde rn weltweit!&#8220;, so die Sprecher der ober\u00f6sterreichischen Antiatomorganisationen, die aus Anlass des Fukushima-Jahrestages zu einem Abend mit Film &amp; Diskussion einladen.<span id=\"ucPreviewMsg_lblMessage\" class=\"PreviewMsgText visualIEFloatFix\"><\/span><strong><span id=\"ucPreviewMsg_lblMessage\" class=\"PreviewMsgText visualIEFloatFix\"><br \/>\n<a href=\"http:\/\/www.muettergegenatomgefahr.at\/wp-content\/uploads\/ptc_folder_anh.png\"><img loading=\"lazy\" decoding=\"async\" class=\" wp-image-1260 alignleft\" src=\"http:\/\/www.muettergegenatomgefahr.at\/wp-content\/uploads\/ptc_folder_anh-209x300.png\" alt=\"ptc_folder_anh\" width=\"212\" height=\"304\" srcset=\"https:\/\/www.muettergegenatomgefahr.at\/wp-content\/uploads\/ptc_folder_anh-209x300.png 209w, https:\/\/www.muettergegenatomgefahr.at\/wp-content\/uploads\/ptc_folder_anh.png 625w\" sizes=\"auto, (max-width: 212px) 100vw, 212px\" \/><\/a><\/span><\/strong><\/p>\n<p><strong><span id=\"ucPreviewMsg_lblMessage\" class=\"PreviewMsgText visualIEFloatFix\"><span style=\"text-decoration: underline;\"><em>Donnerstag, 16. M\u00e4rz 2017 um 20:00 Uhr im Kino Freistadt<\/em><\/span><\/span><\/strong><span id=\"ucPreviewMsg_lblMessage\" class=\"PreviewMsgText visualIEFloatFix\"><br \/>\n<strong><em>POWER TO CHANGE \u0096 DIE ENERGIEREBELLION<\/em><\/strong><br \/>\n<strong><span style=\"text-decoration: underline;\"><em>Gespr\u00e4chsrunde im Anschluss mit <\/em><\/span><\/strong><br \/>\n<strong><span style=\"text-decoration: underline;\"> <em>Hans Moser (Windpark Sp\u00f6rbichl) und den Gebr\u00fcdern Kreisel (Kreisel Electric)<\/em><\/span><\/strong><\/span><\/p>\n<p>Einmal mehr widmet sich der deutsche Regisseur Carl-A. Fechner (&#8222;Die 4. Revolution&#8220;) dem Thema Erneuerbare Energien. POWER TO CHANGE beschreibt die Vision einer demokratischen, nachhaltigen und bezahlbaren Energieversorgung aus 100% erneuerbaren Energien. Der Film ist ein eindrucksvolles Pl\u00e4doyer f\u00fcr eine rasche Umsetzung der Energiewende und erz\u00e4hlt mitrei\u00dfende Geschichten von K\u00e4mpfern, T\u00fcftlern und Menschen wie Du und Ich.<\/p>\n<p>Dem Untertitel DIE ENERGIEREBELLION folgend, und weil es solche \u0084Rebellen\u0093 auch in unserer Region gibt, wird zu einer anschlie\u00dfenden Gespr\u00e4chsrund e eingeladen: Mit Hans Moser, Mitbegr\u00fcnder des B\u00fcrgerbeteiligungsprojekts Windpark Sp\u00f6rbichl, und den Gebr\u00fcdern Kreisel, ihres Zeichens Erfinder und Entwickler einer neuartigen Stromspeichertechnologie, stehen gleich 2 Generationen an lokalen Energiepionieren zur Diskussion bereit!<\/p>\n<p>Um rechtzeitige Reservierung wird gebeten unter <a href=\"http:\/\/www.kino-freistadt.at\" target=\"_blank\">www.kino-freistadt.at<\/a> oder 07942\/77711<br \/>\nEine gemeinsame Veranstaltung von <a href=\"http:\/\/www.muettergegenatomgefahr.at\" target=\"_blank\">M\u00fctter gegen Atomgefahr<\/a>, <a href=\"http:\/\/www.atomkraftfrei-leben.at\" target=\"_blank\">atomstopp_atomkraftfrei leben!<\/a>, <a href=\"http:\/\/www.anti.atom.at\/\" target=\"_blank\">Anti Atom Komitee<\/a> sowie <a href=\"http:\/\/www.local-buehne.at\" target=\"_blank\">Local-B\u00fchne<\/a> &amp; <a href=\"http:\/\/www.kino-freistadt.at\" target=\"_blank\">Kino Freistadt<\/a><\/p>\n<p>Weitere Informationen:<br \/>\nGabriele Schweiger 0680\/33 33 625<br \/>\nRoland Egger 0680\/23 93 01 9<br \/>\nManfred Doppler 0664\/45 05 015<\/p>\n","protected":false},"excerpt":{"rendered":"<p>Fukushima\u0096 auch 6 Jahre danach kein Ende abzusehen &#8222;6 Jahre ist es her, dass mit der Atomkatastrophe in Fukushima einmal mehr bewiesen wurde: Atomkraft ist letztendlich nicht beherrschbar. Noch heute leiden Tausende unter den Folgen, gesundheitlich, wirtschaftlich, sozial &#8211; und &hellip; <a href=\"https:\/\/www.muettergegenatomgefahr.at\/?p=1259\">Weiterlesen <span class=\"meta-nav\">&rarr;<\/span><\/a><\/p>\n","protected":false},"author":2,"featured_media":0,"comment_status":"open","ping_status":"open","sticky":false,"template":"","format":"standard","meta":{"footnotes":""},"categories":[1],"tags":[],"class_list":["post-1259","post","type-post","status-publish","format-standard","hentry","category-allgemein"],"_links":{"self":[{"href":"https:\/\/www.muettergegenatomgefahr.at\/index.php?rest_route=\/wp\/v2\/posts\/1259","targetHints":{"allow":["GET"]}}],"collection":[{"href":"https:\/\/www.muettergegenatomgefahr.at\/index.php?rest_route=\/wp\/v2\/posts"}],"about":[{"href":"https:\/\/www.muettergegenatomgefahr.at\/index.php?rest_route=\/wp\/v2\/types\/post"}],"author":[{"embeddable":true,"href":"https:\/\/www.muettergegenatomgefahr.at\/index.php?rest_route=\/wp\/v2\/users\/2"}],"replies":[{"embeddable":true,"href":"https:\/\/www.muettergegenatomgefahr.at\/index.php?rest_route=%2Fwp%2Fv2%2Fcomments&post=1259"}],"version-history":[{"count":4,"href":"https:\/\/www.muettergegenatomgefahr.at\/index.php?rest_route=\/wp\/v2\/posts\/1259\/revisions"}],"predecessor-version":[{"id":1264,"href":"https:\/\/www.muettergegenatomgefahr.at\/index.php?rest_route=\/wp\/v2\/posts\/1259\/revisions\/1264"}],"wp:attachment":[{"href":"https:\/\/www.muettergegenatomgefahr.at\/index.php?rest_route=%2Fwp%2Fv2%2Fmedia&parent=1259"}],"wp:term":[{"taxonomy":"category","embeddable":true,"href":"https:\/\/www.muettergegenatomgefahr.at\/index.php?rest_route=%2Fwp%2Fv2%2Fcategories&post=1259"},{"taxonomy":"post_tag","embeddable":true,"href":"https:\/\/www.muettergegenatomgefahr.at\/index.php?rest_route=%2Fwp%2Fv2%2Ftags&post=1259"}],"curies":[{"name":"wp","href":"https:\/\/api.w.org\/{rel}","templated":true}]}}