{"id":1265,"date":"2017-03-15T12:12:04","date_gmt":"2017-03-15T10:12:04","guid":{"rendered":"http:\/\/www.muettergegenatomgefahr.at\/?p=1265"},"modified":"2017-03-15T12:12:04","modified_gmt":"2017-03-15T10:12:04","slug":"atomstopp-an-parlamentspraesidentin-bures-euratom-bei-feier-zu-roemischen-vertraegen-nicht-totschweigen","status":"publish","type":"post","link":"https:\/\/www.muettergegenatomgefahr.at\/?p=1265","title":{"rendered":"atomstopp an Parlamentspr\u00e4sidentin Bures: EURATOM bei Feier zu R\u00f6mischen Vertr\u00e4gen nicht totschweigen!"},"content":{"rendered":"<p><em>Pl\u00e4doyer f\u00fcr klare Worte zu Folgen der &#8222;m\u00e4chtigen europ\u00e4ischen Atomindustrie&#8220;<\/em><\/p>\n<p>Die Europ\u00e4ische Union bereitet sich auf die Feier anl\u00e4sslich des 60. Jahrestages der Unterzeichnung der R\u00f6mischen Vertr\u00e4ge am 25. M\u00e4rz 1957 vor und scheint geflissentlich auf die Erw\u00e4hnung zur Gr\u00fcndung der Europ\u00e4ischen Atomgemeinschaft EURATOM zu verzichten. Sogar auf der offiziellen Seite der Europ\u00e4ischen Union zum 60. Jubil\u00e4um wird EURATOM totgeschwiegen &#8211;\u00a0<a href=\"https:\/\/europa.eu\/european-union\/eu60_de\" target=\"_blank\" data-saferedirecturl=\"https:\/\/www.google.com\/url?hl=de&amp;q=https:\/\/europa.eu\/european-union\/eu60_de&amp;source=gmail&amp;ust=1489658995626000&amp;usg=AFQjCNEX3AmMpwlbWzCU_kLcMD5wgDEk-A\">https:\/\/europa.eu\/european-<wbr><\/wbr>union\/eu60_de<\/a><\/p>\n<p>&#8222;Wenn Parlamentspr\u00e4sidentin Doris Bures am Freitag im Rahmen der au\u00dferordentlichen Konferenz ihrer Amtskolleg_innen ihre Rede h\u00e4lt, darf sie in der allgemeinen Feierstimmung auf keinen Fall untergehen lassen, dass mit der Europ\u00e4ische n Atomgemeinschaft EURATOM und ihrem in der Pr\u00e4ambel festgehaltenen Ziel, &#8222;[&#8230;] die Voraussetzungen f\u00fcr den raschen Aufbau einer m\u00e4chtigen europ\u00e4ischen Atomindustrie zu schaffen [&#8230;]&#8220;, der Grundstein f\u00fcr viele nicht l\u00e4nger hinnehmbare Gefahrenpotenziale gelegt wurde!&#8220;, so Gabriele Schweiger und Roland Egger, Sprecher von atomstopp_oberoesterreich.<\/p>\n<p>&#8222;Die Europ\u00e4ische Union ist mehr denn je aufgefordert, sich den Folgen dieser m\u00e4chtigen europ\u00e4ischen Atomindustrie zu stellen: Die Frage der sicheren Endlagerung hochradioaktiver Abf\u00e4lle f\u00fcr eine Million Jahre ist weitgehend offen, die Frage einer umfassenden und der Schadensh\u00f6he angemessenen Haftpflicht bei Atomunf\u00e4llen ist nicht gekl\u00e4rt, wettbewerbsverzerrende Subventionen f\u00fcr die Atomindustrie belasten eine europaweite Energiewende,&#8220; so Schweiger und Egger weiter.<\/p>\n<p>&#8222;Wer die R\u00f6mischen Vertr\u00e4ge feiern will, sollte auch dazusagen, dass es beim Vertrag zur Gr\u00fcndung der Europ\u00e4ischen Atomgemeinschaft EURATOM nichts zu feiern gibt. Mehr denn je sollte \u00fcber ein Ende von EURATOM nachgedacht werden. Der 60. Jahrestag der Gr\u00fcndung w\u00e4re ein idealer Zeitpunkt daf\u00fcr&#8220;, so Schweiger und Egger abschlie\u00dfend.<\/p>\n<p>Weitere Informationen:<br \/>\nGabriele Schweiger\u00a0<a href=\"tel:+43%20680%203333625\" target=\"_blank\">+43 680 33 33 625<\/a><br \/>\nRoland Egger\u00a0<a href=\"tel:+43%20680%202393019\" target=\"_blank\">+43 680 23 93 019<\/a><\/p>\n<p>&nbsp;<\/p>\n","protected":false},"excerpt":{"rendered":"<p>Pl\u00e4doyer f\u00fcr klare Worte zu Folgen der &#8222;m\u00e4chtigen europ\u00e4ischen Atomindustrie&#8220; Die Europ\u00e4ische Union bereitet sich auf die Feier anl\u00e4sslich des 60. Jahrestages der Unterzeichnung der R\u00f6mischen Vertr\u00e4ge am 25. M\u00e4rz 1957 vor und scheint geflissentlich auf die Erw\u00e4hnung zur Gr\u00fcndung &hellip; <a href=\"https:\/\/www.muettergegenatomgefahr.at\/?p=1265\">Weiterlesen <span class=\"meta-nav\">&rarr;<\/span><\/a><\/p>\n","protected":false},"author":2,"featured_media":0,"comment_status":"open","ping_status":"open","sticky":false,"template":"","format":"standard","meta":{"footnotes":""},"categories":[1],"tags":[],"class_list":["post-1265","post","type-post","status-publish","format-standard","hentry","category-allgemein"],"_links":{"self":[{"href":"https:\/\/www.muettergegenatomgefahr.at\/index.php?rest_route=\/wp\/v2\/posts\/1265","targetHints":{"allow":["GET"]}}],"collection":[{"href":"https:\/\/www.muettergegenatomgefahr.at\/index.php?rest_route=\/wp\/v2\/posts"}],"about":[{"href":"https:\/\/www.muettergegenatomgefahr.at\/index.php?rest_route=\/wp\/v2\/types\/post"}],"author":[{"embeddable":true,"href":"https:\/\/www.muettergegenatomgefahr.at\/index.php?rest_route=\/wp\/v2\/users\/2"}],"replies":[{"embeddable":true,"href":"https:\/\/www.muettergegenatomgefahr.at\/index.php?rest_route=%2Fwp%2Fv2%2Fcomments&post=1265"}],"version-history":[{"count":1,"href":"https:\/\/www.muettergegenatomgefahr.at\/index.php?rest_route=\/wp\/v2\/posts\/1265\/revisions"}],"predecessor-version":[{"id":1266,"href":"https:\/\/www.muettergegenatomgefahr.at\/index.php?rest_route=\/wp\/v2\/posts\/1265\/revisions\/1266"}],"wp:attachment":[{"href":"https:\/\/www.muettergegenatomgefahr.at\/index.php?rest_route=%2Fwp%2Fv2%2Fmedia&parent=1265"}],"wp:term":[{"taxonomy":"category","embeddable":true,"href":"https:\/\/www.muettergegenatomgefahr.at\/index.php?rest_route=%2Fwp%2Fv2%2Fcategories&post=1265"},{"taxonomy":"post_tag","embeddable":true,"href":"https:\/\/www.muettergegenatomgefahr.at\/index.php?rest_route=%2Fwp%2Fv2%2Ftags&post=1265"}],"curies":[{"name":"wp","href":"https:\/\/api.w.org\/{rel}","templated":true}]}}