{"id":1273,"date":"2017-04-05T11:57:24","date_gmt":"2017-04-05T09:57:24","guid":{"rendered":"http:\/\/www.muettergegenatomgefahr.at\/?p=1273"},"modified":"2017-04-05T11:57:24","modified_gmt":"2017-04-05T09:57:24","slug":"atomstopp-dank-fuer-unterstuetzung-offener-brief-an-landeshauptmann-dr-josef-puehringer","status":"publish","type":"post","link":"https:\/\/www.muettergegenatomgefahr.at\/?p=1273","title":{"rendered":"atomstopp: Dank f\u00fcr Unterst\u00fctzung &#8211; Offener Brief an Landeshauptmann Dr. Josef P\u00fchringer"},"content":{"rendered":"<p>Danke f\u00fcr Ihre Unterst\u00fctzung f\u00fcr die Antiatom-Bewegung!<\/p>\n<p>Sehr geehrter Herr Landeshauptmann!<\/p>\n<p>Anl\u00e4sslich Ihrer \u00dcbergabe des Amtes als Landeshauptmann ist es ist uns ein gro\u00dfes Anliegen, Ihnen f\u00fcr die unverbr\u00fcchliche Unterst\u00fctzung f\u00fcr die Antiatom-Bewegung zu danken!<\/p>\n<p>In Ihrer Funktion zuvor als Umweltreferent und in 22 Jahren als Landeshauptmann waren Sie uns stets wichtiger Ansprechpartner und verl\u00e4ssliche St\u00fctze im grenz\u00fcberschreitenden Widerstand gegen die Atomkraft! Sie haben w\u00e4hrend Ihrer Amtszeit daran mitgebaut, die Antiatom-Bewegung in Ober\u00f6sterreich zu einer weit \u00fcber die Grenzen hinaus vorbildlichen und hochgesch\u00e4tzten Institution zu machen, welche die zivilgesellschaftlichen Ansinnen auch auf landespolitischer Ebene \u00fcberzeugend abbildet. Darum beneiden uns viele Mitst reiter_innen in anderen Regionen, nicht nur in \u00d6sterreich!<\/p>\n<p>Wir wissen, dass wir es Ihnen oft nicht leicht gemacht haben und mit manchem Aktionismus Ihre Geduld herausgefordert haben, besonders dann, wenn wir unsere Auftritte lautstark und bunt gegen die Unt\u00e4tigkeit der Bundesregierung bei der Umsetzung des Melker Abkommens richteten &#8211; und damit unmittelbar an Ihre Parteikolleg_innen in Wien.<\/p>\n<p>Letztlich waren Sie aber auch Verteidiger unserer Aktionen, etwa als ein tschechischer Politiker uns als &#8222;Trotteln&#8220; bezeichnete, weil wir &#8211; durchaus Aufmerksamkeit erregend &#8211; mit Grenzblockaden auf die ungel\u00f6sten Gefahrenquellen im Atomkraftwerk Temelin hingewiesen haben.<\/p>\n<p>Sehr geehrter Herr Landeshauptmann, wir hoffen, dass trotz dem Ende Ihrer \u00c4ra die Kultur der konsequenten Gespr\u00e4chsbereitschaft, des Willens zur Auseinandersetzung im positiven Sinne fortgesetzt wird. Wir begr\u00fc\u00dfen es, wenn Sie auch nach Ihrer Zeit als Landeshauptmann noch M\u00f6glichkeiten und vor a llem die Lust finden, sich bei wichtigen politischen Entwicklungen mit Ihrer Erfahrung und vor allem als moralische Instanz einbringen. Dass Sie uns und die Aktivit\u00e4ten der Antiatom-Bewegung auch weiterhin im Rahmen Ihrer neuen Funktionen unterst\u00fctzen werden \u2013 dessen sind wir uns sicher!<\/p>\n<p>Neben unserem Dank senden wir heute auch die besten W\u00fcnsche f\u00fcr einen neuen Lebensabschnitt mit vielen erfreulichen Momenten an Sie!<\/p>\n<p>Roland Egger Obmann \/ atomstopp_atomkraftfrei leben!, Sprecher atomstopp_oberoesterreich<br \/>\nGabriele Schweiger \u2013 Obfrau \/ M\u00fctter gegen Atomgefahr Freistadt, Sprecherin atomstopp_oberoesterreich <a href=\"http:\/\/www.muettergegenatomgefahr.at\/wp-content\/uploads\/Puehringer-und-wir.jpg\"><img loading=\"lazy\" decoding=\"async\" class=\"aligncenter wp-image-1274 \" src=\"http:\/\/www.muettergegenatomgefahr.at\/wp-content\/uploads\/Puehringer-und-wir.jpg\" alt=\"Puehringer und wir\" width=\"706\" height=\"471\" srcset=\"https:\/\/www.muettergegenatomgefahr.at\/wp-content\/uploads\/Puehringer-und-wir.jpg 3456w, https:\/\/www.muettergegenatomgefahr.at\/wp-content\/uploads\/Puehringer-und-wir-300x200.jpg 300w, https:\/\/www.muettergegenatomgefahr.at\/wp-content\/uploads\/Puehringer-und-wir-768x512.jpg 768w, https:\/\/www.muettergegenatomgefahr.at\/wp-content\/uploads\/Puehringer-und-wir-1024x683.jpg 1024w\" sizes=\"auto, (max-width: 706px) 100vw, 706px\" \/><\/a><\/p>\n","protected":false},"excerpt":{"rendered":"<p>Danke f\u00fcr Ihre Unterst\u00fctzung f\u00fcr die Antiatom-Bewegung! Sehr geehrter Herr Landeshauptmann! Anl\u00e4sslich Ihrer \u00dcbergabe des Amtes als Landeshauptmann ist es ist uns ein gro\u00dfes Anliegen, Ihnen f\u00fcr die unverbr\u00fcchliche Unterst\u00fctzung f\u00fcr die Antiatom-Bewegung zu danken! In Ihrer Funktion zuvor als &hellip; <a href=\"https:\/\/www.muettergegenatomgefahr.at\/?p=1273\">Weiterlesen <span class=\"meta-nav\">&rarr;<\/span><\/a><\/p>\n","protected":false},"author":2,"featured_media":0,"comment_status":"open","ping_status":"open","sticky":false,"template":"","format":"standard","meta":{"footnotes":""},"categories":[1],"tags":[],"class_list":["post-1273","post","type-post","status-publish","format-standard","hentry","category-allgemein"],"_links":{"self":[{"href":"https:\/\/www.muettergegenatomgefahr.at\/index.php?rest_route=\/wp\/v2\/posts\/1273","targetHints":{"allow":["GET"]}}],"collection":[{"href":"https:\/\/www.muettergegenatomgefahr.at\/index.php?rest_route=\/wp\/v2\/posts"}],"about":[{"href":"https:\/\/www.muettergegenatomgefahr.at\/index.php?rest_route=\/wp\/v2\/types\/post"}],"author":[{"embeddable":true,"href":"https:\/\/www.muettergegenatomgefahr.at\/index.php?rest_route=\/wp\/v2\/users\/2"}],"replies":[{"embeddable":true,"href":"https:\/\/www.muettergegenatomgefahr.at\/index.php?rest_route=%2Fwp%2Fv2%2Fcomments&post=1273"}],"version-history":[{"count":1,"href":"https:\/\/www.muettergegenatomgefahr.at\/index.php?rest_route=\/wp\/v2\/posts\/1273\/revisions"}],"predecessor-version":[{"id":1275,"href":"https:\/\/www.muettergegenatomgefahr.at\/index.php?rest_route=\/wp\/v2\/posts\/1273\/revisions\/1275"}],"wp:attachment":[{"href":"https:\/\/www.muettergegenatomgefahr.at\/index.php?rest_route=%2Fwp%2Fv2%2Fmedia&parent=1273"}],"wp:term":[{"taxonomy":"category","embeddable":true,"href":"https:\/\/www.muettergegenatomgefahr.at\/index.php?rest_route=%2Fwp%2Fv2%2Fcategories&post=1273"},{"taxonomy":"post_tag","embeddable":true,"href":"https:\/\/www.muettergegenatomgefahr.at\/index.php?rest_route=%2Fwp%2Fv2%2Ftags&post=1273"}],"curies":[{"name":"wp","href":"https:\/\/api.w.org\/{rel}","templated":true}]}}