{"id":1276,"date":"2017-04-07T09:38:39","date_gmt":"2017-04-07T07:38:39","guid":{"rendered":"http:\/\/www.muettergegenatomgefahr.at\/?p=1276"},"modified":"2017-04-07T09:38:39","modified_gmt":"2017-04-07T07:38:39","slug":"atomstopp-veraergerung-ueber-die-geplante-energiestrategie-in-oberoesterreich","status":"publish","type":"post","link":"https:\/\/www.muettergegenatomgefahr.at\/?p=1276","title":{"rendered":"atomstopp: Ver\u00e4rgerung \u00fcber die geplante Energiestrategie in Ober\u00f6sterreich"},"content":{"rendered":"<p><em>Petition<\/em>\u00a0<a href=\"https:\/\/www.openpetition.eu\/petition\/online\/wir-gegen-das-ende-der-energiewende\" target=\"_blank\" data-saferedirecturl=\"https:\/\/www.google.com\/url?hl=de&amp;q=https:\/\/www.openpetition.eu\/petition\/online\/wir-gegen-das-ende-der-energiewende&amp;source=gmail&amp;ust=1491636509359000&amp;usg=AFQjCNEUcBJ0VCABt80tSlgbBoUZDbikoQ\">&#8218;Wir gegen das Ende der Energiewende!&#8216;<\/a>\u00a0<em>gestartet<\/em><\/p>\n<p>&#8222;Am 18. Mai 2017 soll im Landtag eine neue Energiestrategie beschlossen werden, die den praktischen Stillstand f\u00fcr die bisher durchaus gedeihliche Energiewende in Ober\u00f6sterreich bedeuten w\u00fcrde. Das ist ein Schaden und eine Schande noch dazu, dass ausgerechnet im Vorzeige-Antiatombundesland Ober\u00f6sterreich das Ende der Energiewende eingel\u00e4utet werden soll&#8220;, zeigen sich Gabriele Schweiger und Roland Egger, Sprecher von atomstopp_oberoesterreich, ver\u00e4rgert.<\/p>\n<p>&#8222;Wer klar und ehrlich &#8217;nein&#8216; sagt zu Atomstrom, kann und darf es sich nicht leisten, den z\u00fcgigen Ausbau einer cleveren Mischung an Erneuerbaren Energiequellen zu blockieren! Politische Rahmenbedingungen wie etwa die vorliegenden Entw\u00fcrfe f\u00fcr die &#8218;ENERGIE-LEITREGION O\u00d6 2050&#8216; oder den &#8218;O\u00f6. Windkraftmasterplan&#8216; sind einer konsequenten Antiatom-Position nicht w\u00fcrdig&#8220;, betonen Schweiger und Egger.<\/p>\n<p>&#8222;Wir starten deshalb eine\u00a0<a href=\"https:\/\/www.openpetition.eu\/petition\/online\/wir-gegen-das-ende-der-energiewende\" target=\"_blank\" data-saferedirecturl=\"https:\/\/www.google.com\/url?hl=de&amp;q=https:\/\/www.openpetition.eu\/petition\/online\/wir-gegen-das-ende-der-energiewende&amp;source=gmail&amp;ust=1491636509359000&amp;usg=AFQjCNEUcBJ0VCABt80tSlgbBoUZDbikoQ\">Petition<\/a>, mit der Forderung an Energielandesrat Strugl, die Entw\u00fcrfe gr\u00fcndlich \u00fcberarbeiten zu lassen. Und wir sind sicher:\u00a0<a href=\"https:\/\/www.openpetition.eu\/petition\/online\/wir-gegen-das-ende-der-energiewende\" target=\"_blank\" data-saferedirecturl=\"https:\/\/www.google.com\/url?hl=de&amp;q=https:\/\/www.openpetition.eu\/petition\/online\/wir-gegen-das-ende-der-energiewende&amp;source=gmail&amp;ust=1491636509359000&amp;usg=AFQjCNEUcBJ0VCABt80tSlgbBoUZDbikoQ\">&#8218;Wir gegen das Ende der Energiewende!&#8216;<\/a>\u00a0ist kein Anliegen von atomstopp allein, sondern wird bei vielen Mitstreiter_innen im Umwelt- u. Klimaschutzbereich und vor allem bei den Interessensvertretungen aller Erneuerbaren gro\u00dfe Unterst\u00fctzung finden! <em>Wir laden ausdr\u00fccklich auch alle nachhaltig orientierten Menschen au\u00dferhalb von Ober\u00f6sterreich ein, die<\/em>\u00a0<a href=\"https:\/\/www.openpetition.eu\/petition\/online\/%20wir-gegen-das-ende-der-energiewende\" target=\"_blank\" data-saferedirecturl=\"https:\/\/www.google.com\/url?hl=de&amp;q=https:\/\/www.openpetition.eu\/petition\/online\/%2520wir-gegen-das-ende-der-energiewende&amp;source=gmail&amp;ust=1491636509359000&amp;usg=AFQjCNF-ycEtKsMdAZZlNXKcJbKCZoDPUQ\">Petition<\/a>\u00a0<em>zu unte<a href=\"http:\/\/www.muettergegenatomgefahr.at\/wp-content\/uploads\/wir-gegen-das-ende-der-energiewende_1491461332.jpg\"><img loading=\"lazy\" decoding=\"async\" class=\"size-medium wp-image-1277 alignleft\" src=\"http:\/\/www.muettergegenatomgefahr.at\/wp-content\/uploads\/wir-gegen-das-ende-der-energiewende_1491461332-300x200.jpg\" alt=\"wir-gegen-das-ende-der-energiewende_1491461332\" width=\"300\" height=\"200\" srcset=\"https:\/\/www.muettergegenatomgefahr.at\/wp-content\/uploads\/wir-gegen-das-ende-der-energiewende_1491461332-300x200.jpg 300w, https:\/\/www.muettergegenatomgefahr.at\/wp-content\/uploads\/wir-gegen-das-ende-der-energiewende_1491461332.jpg 450w\" sizes=\"auto, (max-width: 300px) 100vw, 300px\" \/><\/a>rzeichnen, denn: Die Energiewende ist kein Einzelkampf, sie kann nur durch \u00fcberregionale Vernetzung gelingen!<\/em>&#8222;, so Schweiger und Egger abschlie\u00dfend.<\/p>\n<p>Weitere Hinweise:<br \/>\nGabriele Schweiger 0680\/33 33 625<br \/>\nRoland Egger 0680\/23 93 019<\/p>\n","protected":false},"excerpt":{"rendered":"<p>Petition\u00a0&#8218;Wir gegen das Ende der Energiewende!&#8216;\u00a0gestartet &#8222;Am 18. Mai 2017 soll im Landtag eine neue Energiestrategie beschlossen werden, die den praktischen Stillstand f\u00fcr die bisher durchaus gedeihliche Energiewende in Ober\u00f6sterreich bedeuten w\u00fcrde. Das ist ein Schaden und eine Schande noch &hellip; <a href=\"https:\/\/www.muettergegenatomgefahr.at\/?p=1276\">Weiterlesen <span class=\"meta-nav\">&rarr;<\/span><\/a><\/p>\n","protected":false},"author":2,"featured_media":0,"comment_status":"open","ping_status":"open","sticky":false,"template":"","format":"standard","meta":{"footnotes":""},"categories":[1],"tags":[],"class_list":["post-1276","post","type-post","status-publish","format-standard","hentry","category-allgemein"],"_links":{"self":[{"href":"https:\/\/www.muettergegenatomgefahr.at\/index.php?rest_route=\/wp\/v2\/posts\/1276","targetHints":{"allow":["GET"]}}],"collection":[{"href":"https:\/\/www.muettergegenatomgefahr.at\/index.php?rest_route=\/wp\/v2\/posts"}],"about":[{"href":"https:\/\/www.muettergegenatomgefahr.at\/index.php?rest_route=\/wp\/v2\/types\/post"}],"author":[{"embeddable":true,"href":"https:\/\/www.muettergegenatomgefahr.at\/index.php?rest_route=\/wp\/v2\/users\/2"}],"replies":[{"embeddable":true,"href":"https:\/\/www.muettergegenatomgefahr.at\/index.php?rest_route=%2Fwp%2Fv2%2Fcomments&post=1276"}],"version-history":[{"count":1,"href":"https:\/\/www.muettergegenatomgefahr.at\/index.php?rest_route=\/wp\/v2\/posts\/1276\/revisions"}],"predecessor-version":[{"id":1278,"href":"https:\/\/www.muettergegenatomgefahr.at\/index.php?rest_route=\/wp\/v2\/posts\/1276\/revisions\/1278"}],"wp:attachment":[{"href":"https:\/\/www.muettergegenatomgefahr.at\/index.php?rest_route=%2Fwp%2Fv2%2Fmedia&parent=1276"}],"wp:term":[{"taxonomy":"category","embeddable":true,"href":"https:\/\/www.muettergegenatomgefahr.at\/index.php?rest_route=%2Fwp%2Fv2%2Fcategories&post=1276"},{"taxonomy":"post_tag","embeddable":true,"href":"https:\/\/www.muettergegenatomgefahr.at\/index.php?rest_route=%2Fwp%2Fv2%2Ftags&post=1276"}],"curies":[{"name":"wp","href":"https:\/\/api.w.org\/{rel}","templated":true}]}}