{"id":1279,"date":"2017-04-10T10:45:14","date_gmt":"2017-04-10T08:45:14","guid":{"rendered":"http:\/\/www.muettergegenatomgefahr.at\/?p=1279"},"modified":"2017-04-10T10:49:03","modified_gmt":"2017-04-10T08:49:03","slug":"atomstopp_atomkraftfrei-leben-muetter-gegen-atomgefahr-anti-atom-komitee-euratom-thematisieren-gegen-das-verschweigen-nec2017","status":"publish","type":"post","link":"https:\/\/www.muettergegenatomgefahr.at\/?p=1279","title":{"rendered":"atomstopp_atomkraftfrei leben!, M\u00fctter gegen Atomgefahr, Anti Atom Komitee: EURATOM thematisieren gegen das Verschweigen &#8211; NEC2017"},"content":{"rendered":"<p style=\"text-align: left;\">Resolution f\u00fcr die Aufl\u00f6sung des EURATOM-Vertrags als Konferenzergebnis<\/p>\n<p>Erfreut zeigen sich die ober\u00f6sterreichischen Antiatomorganisationen zum derzeitigen Stand der Anmeldungen zur 4. <a href=\"http:\/\/www.nec2017.eu\/\" target=\"_blank\" data-saferedirecturl=\"https:\/\/www.google.com\/url?hl=de&amp;q=http:\/\/www.nec2017.eu\/&amp;source=gmail&amp;ust=1491900154882000&amp;usg=AFQjCNE12k8A6lLVp1aNfb8KRe20PXENaw\">Nuclear Energy Conference<\/a><\/p>\n<p><strong>NEC2017 \u2013 25. April 2017, 9:30 bis 16:30 Uhr, Schloss Linz, Ober\u00f6sterreich<\/strong><br \/>\n<strong> 1957-2017: EURATOM \u2013 Atomindustrie gef\u00f6rdert, privilegiert, gesch\u00fctzt\u00a0 \u00a0 \u00a0\u00a0<\/strong><br \/>\n<strong>\u00a0\u00a0\u00a0\u00a0\u00a0\u00a0\u00a0\u00a0\u00a0\u00a0\u00a0\u00a0\u00a0\u00a0\u00a0\u00a0\u00a0\u00a0\u00a0\u00a0\u00a0\u00a0\u00a0\u00a0\u00a0\u00a0\u00a0\u00a0\u00a0\u00a0\u00a0\u00a0\u00a0\u00a0\u00a0\u00a0\u00a0\u00a0\u00a0\u00a0\u00a0\u00a0\u00a0\u00a0\u00a0\u00a0\u00a0\u00a0\u00a0\u00a0\u00a0\u00a0\u00a0\u00a0\u00a0\u00a0\u00a0\u00a0\u00a0\u00a0\u00a0\u00a0\u00a0\u00a0\u00a0\u00a0\u00a0\u00a0\u00a0\u00a0\u00a0\u00a0\u00a0\u00a0\u00a0\u00a0\u00a0\u00a0\u00a0\u00a0\u00a0\u00a0\u00a0\u00a0\u00a0\u00a0\u00a0\u00a0\u00a0\u00a0\u00a0\u00a0\u00a0\u00a0\u00a0\u00a0\u00a0\u00a0\u00a0\u00a0\u00a0\u00a0\u00a0\u00a0\u00a0 \u2013 60 Jahre sind genug!<\/strong><\/p>\n<p>Rund 100 Teilnehmer_innen sind bereits zu verzeichnen, bis 19. April werden noch weitere Anmeldungen kostenfrei angenommen &#8211; Details siehe unter <a href=\"http:\/\/www.nec2017.eu\/\" target=\"_blank\" data-saferedirecturl=\"https:\/\/www.google.com\/url?hl=de&amp;q=http:\/\/www.nec2017.eu\/&amp;source=gmail&amp;ust=1491900154882000&amp;usg=AFQjCNE12k8A6lLVp1aNfb8KRe20PXENaw\">NEC2017<\/a>.<\/p>\n<p>&#8222;Alle Feierlichkeiten zu 60 Jahre R\u00f6mische Vertr\u00e4ge haben eindr\u00fccklich g ezeigt: \u00dcber EURATOM m\u00f6chte am liebsten niemand reden. Wir aber tun es! Wir tun es, denn wir sind \u00fcberzeugt, dass die Zeit reif ist, um den betagten Vertrag mit all seinen v\u00f6llig \u00fcberholten Zielen in Rente zu schicken!&#8220;, so die Organisatoren.<\/p>\n<p>&#8222;Die Gelegenheit, das komplexe EURATOM-Vertragspakt aufzuschn\u00fcren, k\u00f6nnte aktuell besser nicht sein, denn mit den Brexit-Verhandlungen geht auch unweigerlich einher, dass sich der Europ\u00e4ische Rat in einer Regierungskonferenz eingehend mit dem Dasein der Europ\u00e4ischen Atomgemeinschaft auseinandersetzen muss.&#8220;, erl\u00e4utern die Organisatoren weiter.<\/p>\n<p>&#8222;Was l\u00e4ge also n\u00e4her, als genau in dieser Phase eine Diskussion anzuregen! Eine Diskussion dar\u00fcber, mit welcher Berechtigung die Atomkraft &#8211; als einzige Industrie \u00fcberhaupt! &#8211; einen eigenen, prim\u00e4rrechtlichen Vertrag haben darf. Eine Diskussion dazu, wie logisch es denn ist, dass europaweit der Vorrang f\u00fcr eine Energieform festgeschrieben steht, obwohl die H\u00e4lfte der europ\u00e4ischen Sta aten diese \u00fcberhaupt nie genutzt hat oder deren Nutzung auslaufen lassen wird. Eine Diskussion also, die die Europ\u00e4ische Union zeitgem\u00e4\u00dfer machen kann \u2013 und somit auch fitter f\u00fcr die Zukunft!&#8220;, verweisen die Organisatoren auf das Programm der <a href=\"http:\/\/www.nec2017.eu\/\" target=\"_blank\" data-saferedirecturl=\"https:\/\/www.google.com\/url?hl=de&amp;q=http:\/\/www.nec2017.eu\/&amp;source=gmail&amp;ust=1491900154882000&amp;usg=AFQjCNE12k8A6lLVp1aNfb8KRe20PXENaw\">NEC2017<\/a>, in dem ausgew\u00e4hlte Expert_innen den EURATOM-Vertrag von allen Seiten beleuchten werden:<\/p>\n<p>Nach der Impulsrede von Politikwissenschaftlerin <strong>Radostina Primova<\/strong> von der Br\u00fcsseler Heinrich-B\u00f6ll-Stiftung referieren <strong>Patricia Lorenz<\/strong> (Friends of the Earth, A) \u00fcber den Mythos vom Sicherheitsregulativ EURATOM, <strong>Andreas Molin<\/strong> (\u00f6sterr. Umweltministerium) zur M\u00f6glichkeit einer Reform sowie <strong>Heinz Stockinger<\/strong> (Plattform gegen Atomgefahren, Sbg.) zum langj\u00e4hrigen Kampf gegen diese Atomfestung. Nach dem Mittagsbuffet wird <strong>Sylvia Kotting-Uhl<\/strong> (Abg. Zum Bundestag, D) ihre Argumentation f\u00fcr einen Ausstieg Deutschl ands aus EURATOM darlegen, <strong>D\u00f6rte Fouquet<\/strong> (Anw\u00e4ltin f\u00fcr Europa- Umwelt u. Wettbewerbsrecht, Br\u00fcssel) er\u00f6rtert die juristischen M\u00f6glichkeiten dazu und <strong>Hans-Josef Fell<\/strong> (Umweltpolitiker, Energy Watch Group, D) zeigt die neuen Optionen auf, die sich aus der Situation rund um den Brexit ergeben.<\/p>\n<p>&#8222;Wir freuen uns auf eine spannende und umfassende Diskussion! Um das Ergebnis der Konferenz zu manifestieren, wird am Ende eine <strong>Resolution an den Europ\u00e4ischen Rat<\/strong> verabschiedet, die eine <strong>Aufl\u00f6sung des EURATOM-Vertrags<\/strong> fordert und darauf abzielt, die einseitige, prim\u00e4rrechtlich gesch\u00fctzte F\u00f6rderung f\u00fcr die Atomindustrie zu beendigen, jedoch alle weiterhin notwendigen Bestimmungen zum Umgang mit Atomkraft in den allgemeinen Vertrag \u00fcber die Arbeitsweise der Europ\u00e4ischen Union zu \u00fcberf\u00fchren. Diese Resolution soll noch im Mai an den Europ\u00e4ischen Rat \u00fcbergeben werden!&#8220;, so die Organisatoren abschlie\u00dfend.<\/p>\n<p>Weitere H inweise:<br \/>\nGabriele Schweiger 0680\/33 33 625<br \/>\nRoland Egger 0680\/23 93 019<\/p>\n","protected":false},"excerpt":{"rendered":"<p>Resolution f\u00fcr die Aufl\u00f6sung des EURATOM-Vertrags als Konferenzergebnis Erfreut zeigen sich die ober\u00f6sterreichischen Antiatomorganisationen zum derzeitigen Stand der Anmeldungen zur 4. Nuclear Energy Conference NEC2017 \u2013 25. April 2017, 9:30 bis 16:30 Uhr, Schloss Linz, Ober\u00f6sterreich 1957-2017: EURATOM \u2013 Atomindustrie &hellip; <a href=\"https:\/\/www.muettergegenatomgefahr.at\/?p=1279\">Weiterlesen <span class=\"meta-nav\">&rarr;<\/span><\/a><\/p>\n","protected":false},"author":2,"featured_media":0,"comment_status":"open","ping_status":"open","sticky":false,"template":"","format":"standard","meta":{"footnotes":""},"categories":[1],"tags":[],"class_list":["post-1279","post","type-post","status-publish","format-standard","hentry","category-allgemein"],"_links":{"self":[{"href":"https:\/\/www.muettergegenatomgefahr.at\/index.php?rest_route=\/wp\/v2\/posts\/1279","targetHints":{"allow":["GET"]}}],"collection":[{"href":"https:\/\/www.muettergegenatomgefahr.at\/index.php?rest_route=\/wp\/v2\/posts"}],"about":[{"href":"https:\/\/www.muettergegenatomgefahr.at\/index.php?rest_route=\/wp\/v2\/types\/post"}],"author":[{"embeddable":true,"href":"https:\/\/www.muettergegenatomgefahr.at\/index.php?rest_route=\/wp\/v2\/users\/2"}],"replies":[{"embeddable":true,"href":"https:\/\/www.muettergegenatomgefahr.at\/index.php?rest_route=%2Fwp%2Fv2%2Fcomments&post=1279"}],"version-history":[{"count":3,"href":"https:\/\/www.muettergegenatomgefahr.at\/index.php?rest_route=\/wp\/v2\/posts\/1279\/revisions"}],"predecessor-version":[{"id":1282,"href":"https:\/\/www.muettergegenatomgefahr.at\/index.php?rest_route=\/wp\/v2\/posts\/1279\/revisions\/1282"}],"wp:attachment":[{"href":"https:\/\/www.muettergegenatomgefahr.at\/index.php?rest_route=%2Fwp%2Fv2%2Fmedia&parent=1279"}],"wp:term":[{"taxonomy":"category","embeddable":true,"href":"https:\/\/www.muettergegenatomgefahr.at\/index.php?rest_route=%2Fwp%2Fv2%2Fcategories&post=1279"},{"taxonomy":"post_tag","embeddable":true,"href":"https:\/\/www.muettergegenatomgefahr.at\/index.php?rest_route=%2Fwp%2Fv2%2Ftags&post=1279"}],"curies":[{"name":"wp","href":"https:\/\/api.w.org\/{rel}","templated":true}]}}