{"id":1285,"date":"2017-04-21T12:41:44","date_gmt":"2017-04-21T10:41:44","guid":{"rendered":"http:\/\/www.muettergegenatomgefahr.at\/?p=1285"},"modified":"2017-04-21T12:45:02","modified_gmt":"2017-04-21T10:45:02","slug":"atomstopp_atomkraftfrei-leben-muetter-gegen-atomgnec2017-gegen-das-organisierte-verdraengen-des-privilegienvertrags-euratom","status":"publish","type":"post","link":"https:\/\/www.muettergegenatomgefahr.at\/?p=1285","title":{"rendered":"NEC2017 \u2013 gegen das organisierte Verdr\u00e4ngen des Privilegienvertrags EURATOM"},"content":{"rendered":"<p style=\"text-align: left;\"><em>atomstopp_atomkraftfrei leben!, M\u00fctter gegen Atomgefahr, Anti Atom Komitee laden ein:<\/em><\/p>\n<p style=\"text-align: left;\"><strong><em>25. April im Schloss Linz: 1957-2017: EURATOM \u2013 Atomindustrie gef\u00f6rdert, privilegiert, gesch\u00fctzt \u2013 60 Jahre sind genug!<\/em><\/strong><\/p>\n<p>Wenn am 25. April 2017 die bereits <a href=\"http:\/\/www.nec2017.eu\" target=\"_blank\" data-saferedirecturl=\"https:\/\/www.google.com\/url?hl=de&amp;q=http:\/\/www.nec2017.eu&amp;source=gmail&amp;ust=1492855938220000&amp;usg=AFQjCNHR1n0H0xH5SFuXptAHr_GfKcHC_Q\">4. Nuclear Energy Conference<\/a> im Schloss Linz \u00fcber die B\u00fchne geht, so ist dies vor allem eine Kampfansage gegen das organisierte Verdr\u00e4ngen von EURATOM aus dem \u00f6ffentlichen Bewusstsein. Der prim\u00e4rrechtliche Vertrag der Europ\u00e4ischen Atomgemeinschaft, kurz EURATOM, hat durch sein erkl\u00e4rtes Ziel, &#8222;[&#8230;] die rasche Entwicklung einer m\u00e4chtigen europ\u00e4ischen Atomindustrie in Europa zu erm\u00f6glichen [&#8230;]&#8220;, genau das geschafft: die unhinterfragte Vormachtstellung einer einzelnen Stromversorgungs industrie f\u00fcr die Europ\u00e4ische Union und dar\u00fcber hinaus.<\/p>\n<p>&#8222;Seit 60 Jahren sichert EURATOM ihrer Klientel ein gesch\u00fctztes Dasein, abseits jeder Anforderungen durch den freien Markt, ohne jedes Regulativ durch das Wettbewerbsrecht&#8220;, so Gabriele Schweiger, Roland Egger und Manfred Doppler, die Sprecher der Organisationen.<\/p>\n<p>&#8222;EURATOM \u2013 laut INA, der medienkritischen <a href=\"http:\/\/www.derblindefleck.de\" target=\"_blank\" data-saferedirecturl=\"https:\/\/www.google.com\/url?hl=de&amp;q=http:\/\/www.derblindefleck.de&amp;source=gmail&amp;ust=1492855938220000&amp;usg=AFQjCNFGN6pVHY6yvlqphUpEMm0WUsQT7Q\">Initiative Nachrichtenaufkl\u00e4rung<\/a>, eines der bestverdr\u00e4ngten Themen in deutschen Medien; EURATOM \u2013 der ungenannte Jubilar bei den Feierlichkeiten zu 60 Jahren R\u00f6mische Vertr\u00e4ge. Dem setzen wir mit der NEC2017 gezieltes Informieren und Analysieren entgegen. Ausgew\u00e4hlte <a href=\"http:\/\/www.nec2017.eu\/de\/speaker.php\" target=\"_blank\" data-saferedirecturl=\"https:\/\/www.google.com\/url?hl=de&amp;q=http:\/\/www.nec2017.eu\/de\/speaker.php&amp;source=gmail&amp;ust=1492855938220000&amp;usg=AFQjCNFp4ZbKUCdAeZoiueO555Iej50DPw\">Expertinnen und Experten<\/a> werfen an diesem Tag geb\u00fcndelt ihre kritischen Betrachtungen auf das Vertragsfossil aus 1957&#8243;, erkl\u00e4ren die Organisatoren ihren Ansatz.<\/p>\n<p>&#8222;Am Ende der Tagung wird eine Resolution an den Europ\u00e4ischen Rat verabschiedet, mit der zentralen Forderung der Aufl\u00f6sung des EURATOM-Vertrages unter gleichzeitiger \u00dcberf\u00fchrung aller n\u00f6tigen nuklearrechtlichen Regelungen in allgemeines Unionsrecht! Nur so kann die Privilegierung der Kernindustrie durchbrochen werden und der europaweite Atomausstieg gelingen!&#8220;, so die Sprecher der NEC-Organisatoren abschlie\u00dfend.<\/p>\n<p><strong><em>Hinweis f\u00fcr Journalist_innen: Presse-Briefing und Fotom\u00f6glichkeit mit LR Rudi Anschober, Vertreter_innen der Vereine der O\u00f6. Antiatom-Offensive sowie der internationalen Expert_innen ist f\u00fcr 12:30 &#8211; 13:00 Uhr vorgesehen!<\/em><\/strong><\/p>\n<p>F\u00fcr R\u00fcckfragen:<br \/>\nGabriele Schweiger 0680\/33 33 625<br \/>\nRoland Egger 0680\/23 93 019<br \/>\nManfred Doppler 0664\/450 50 15<\/p>\n","protected":false},"excerpt":{"rendered":"<p>atomstopp_atomkraftfrei leben!, M\u00fctter gegen Atomgefahr, Anti Atom Komitee laden ein: 25. April im Schloss Linz: 1957-2017: EURATOM \u2013 Atomindustrie gef\u00f6rdert, privilegiert, gesch\u00fctzt \u2013 60 Jahre sind genug! Wenn am 25. April 2017 die bereits 4. Nuclear Energy Conference im Schloss &hellip; <a href=\"https:\/\/www.muettergegenatomgefahr.at\/?p=1285\">Weiterlesen <span class=\"meta-nav\">&rarr;<\/span><\/a><\/p>\n","protected":false},"author":2,"featured_media":0,"comment_status":"open","ping_status":"open","sticky":false,"template":"","format":"standard","meta":{"footnotes":""},"categories":[1],"tags":[],"class_list":["post-1285","post","type-post","status-publish","format-standard","hentry","category-allgemein"],"_links":{"self":[{"href":"https:\/\/www.muettergegenatomgefahr.at\/index.php?rest_route=\/wp\/v2\/posts\/1285","targetHints":{"allow":["GET"]}}],"collection":[{"href":"https:\/\/www.muettergegenatomgefahr.at\/index.php?rest_route=\/wp\/v2\/posts"}],"about":[{"href":"https:\/\/www.muettergegenatomgefahr.at\/index.php?rest_route=\/wp\/v2\/types\/post"}],"author":[{"embeddable":true,"href":"https:\/\/www.muettergegenatomgefahr.at\/index.php?rest_route=\/wp\/v2\/users\/2"}],"replies":[{"embeddable":true,"href":"https:\/\/www.muettergegenatomgefahr.at\/index.php?rest_route=%2Fwp%2Fv2%2Fcomments&post=1285"}],"version-history":[{"count":2,"href":"https:\/\/www.muettergegenatomgefahr.at\/index.php?rest_route=\/wp\/v2\/posts\/1285\/revisions"}],"predecessor-version":[{"id":1287,"href":"https:\/\/www.muettergegenatomgefahr.at\/index.php?rest_route=\/wp\/v2\/posts\/1285\/revisions\/1287"}],"wp:attachment":[{"href":"https:\/\/www.muettergegenatomgefahr.at\/index.php?rest_route=%2Fwp%2Fv2%2Fmedia&parent=1285"}],"wp:term":[{"taxonomy":"category","embeddable":true,"href":"https:\/\/www.muettergegenatomgefahr.at\/index.php?rest_route=%2Fwp%2Fv2%2Fcategories&post=1285"},{"taxonomy":"post_tag","embeddable":true,"href":"https:\/\/www.muettergegenatomgefahr.at\/index.php?rest_route=%2Fwp%2Fv2%2Ftags&post=1285"}],"curies":[{"name":"wp","href":"https:\/\/api.w.org\/{rel}","templated":true}]}}