{"id":13,"date":"2011-03-16T18:32:49","date_gmt":"2011-03-16T18:32:49","guid":{"rendered":"http:\/\/www.muettergegenatomgefahr.at\/?p=13"},"modified":"2011-04-06T13:11:28","modified_gmt":"2011-04-06T11:11:28","slug":"atomstopp-an-lebensminister-berlakovich-hochstsicherheitsrelevante-mangel-im-akw-temelin-nicht-gelost","status":"publish","type":"post","link":"https:\/\/www.muettergegenatomgefahr.at\/?p=13","title":{"rendered":"atomstopp an Lebensminister Berlakovich: H\u00f6chstsicherheitsrelevante M\u00e4ngel im AKW Temelin nicht gel\u00f6st!"},"content":{"rendered":"<p><strong>Umsetzung des Melker Abkommens einfordern, andernfalls Konsequenzen ziehen!<\/strong><\/p>\n<p>&#8222;Angesichts der nuklearen Katastrophe in Japan, muss \u00d6sterreich neuerlich mit aller Vehemenz auf die l\u00fcckenlose Umsetzung des Melker Abkommens dr\u00e4ngen! Im AKW Temelin sind die beiden h\u00f6chstsicherheitsrelevanten M\u00e4ngel (Parallelf\u00fchrung von hochenergetischen Leitungen und die Qualifikation der Sicherheitsventile) aus Sicht von internationalen Experten bis heute nicht zufrieden stellend gel\u00f6st!&#8220;, so Roland Egger und Gabriele Schweiger, Sprecher von atomstopp_oberoesterreich.<!--more--><\/p>\n<p>&#8222;Es ist unertr\u00e4glich, wenn sich die Vorsitzende des tschechischen Staatsamts f\u00fcr Kernsicherheit (SUJB) abwiegelnd und beruhigend zur Lage in den tschechischen Atomkraftwerken \u00e4u\u00dfert und so tut, als ob die sicherheitstechnischen Voraussetzungen im AKW Temelin gl\u00e4nzend w\u00e4ren! Und es ist absolut indiskutabel, dass Lebensminister Berlakovich mit &#8222;Stresstests&#8220; f\u00fcr europ\u00e4ische Atomkraftwerke auftrumpfen will und nicht einmal in Tschechien in der Lage ist, auf die l\u00fcckenlose Umsetzung des Melker Abkommens zu dr\u00e4ngen! Wird Berlakovichs Stresstest so angelegt werden, dass auch das AKW Temelin diesen Test mit Bravour besteht?&#8220;, sind Egger und Schweiger emp\u00f6rt!<\/p>\n<p>&#8222;Wir fordern unsere Bundesregierung auf, umgehend die l\u00fcckenlose Umsetzung des Melker Abkommens einzufordern und bei Nichterf\u00fcllung auch entsprechende Konsequenzen zu ziehen! Die \u00d6ffentlichkeit w\u00fcrde es nicht verstehen, dass angesichts der Katastrophe in Japan ausgerechnet bei den Sicherheitsanforderungen der grenznahen Atomkraftwerke alle Augen zugedr\u00fcckt werden! Ze hntausende Menschen haben an den Grenzen wegen der Sicherheitsm\u00e4ngel im AKW Temelin demonstriert &#8211; unterst\u00fctzt von der Landespolitik! Ein entschlossenes Vorgehen ist ein Gebot der Stunde!&#8220;, so Egger und Schweiger abschlie\u00dfend.<\/p>\n<p>Weitere Informationen:<br \/>\nRoland Egger + 43 680 23 93 019<br \/>\nGabriele Schweiger + 43 664 390 77 09<\/p>\n","protected":false},"excerpt":{"rendered":"<p>Umsetzung des Melker Abkommens einfordern, andernfalls Konsequenzen ziehen! &#8222;Angesichts der nuklearen Katastrophe in Japan, muss \u00d6sterreich neuerlich mit aller Vehemenz auf die l\u00fcckenlose Umsetzung des Melker Abkommens dr\u00e4ngen! Im AKW Temelin sind die beiden h\u00f6chstsicherheitsrelevanten M\u00e4ngel (Parallelf\u00fchrung von hochenergetischen Leitungen &hellip; <a href=\"https:\/\/www.muettergegenatomgefahr.at\/?p=13\">Weiterlesen <span class=\"meta-nav\">&rarr;<\/span><\/a><\/p>\n","protected":false},"author":2,"featured_media":0,"comment_status":"open","ping_status":"open","sticky":false,"template":"","format":"standard","meta":{"footnotes":""},"categories":[1],"tags":[],"class_list":["post-13","post","type-post","status-publish","format-standard","hentry","category-allgemein"],"_links":{"self":[{"href":"https:\/\/www.muettergegenatomgefahr.at\/index.php?rest_route=\/wp\/v2\/posts\/13","targetHints":{"allow":["GET"]}}],"collection":[{"href":"https:\/\/www.muettergegenatomgefahr.at\/index.php?rest_route=\/wp\/v2\/posts"}],"about":[{"href":"https:\/\/www.muettergegenatomgefahr.at\/index.php?rest_route=\/wp\/v2\/types\/post"}],"author":[{"embeddable":true,"href":"https:\/\/www.muettergegenatomgefahr.at\/index.php?rest_route=\/wp\/v2\/users\/2"}],"replies":[{"embeddable":true,"href":"https:\/\/www.muettergegenatomgefahr.at\/index.php?rest_route=%2Fwp%2Fv2%2Fcomments&post=13"}],"version-history":[{"count":2,"href":"https:\/\/www.muettergegenatomgefahr.at\/index.php?rest_route=\/wp\/v2\/posts\/13\/revisions"}],"predecessor-version":[{"id":133,"href":"https:\/\/www.muettergegenatomgefahr.at\/index.php?rest_route=\/wp\/v2\/posts\/13\/revisions\/133"}],"wp:attachment":[{"href":"https:\/\/www.muettergegenatomgefahr.at\/index.php?rest_route=%2Fwp%2Fv2%2Fmedia&parent=13"}],"wp:term":[{"taxonomy":"category","embeddable":true,"href":"https:\/\/www.muettergegenatomgefahr.at\/index.php?rest_route=%2Fwp%2Fv2%2Fcategories&post=13"},{"taxonomy":"post_tag","embeddable":true,"href":"https:\/\/www.muettergegenatomgefahr.at\/index.php?rest_route=%2Fwp%2Fv2%2Ftags&post=13"}],"curies":[{"name":"wp","href":"https:\/\/api.w.org\/{rel}","templated":true}]}}