{"id":1301,"date":"2017-06-12T07:58:23","date_gmt":"2017-06-12T05:58:23","guid":{"rendered":"http:\/\/www.muettergegenatomgefahr.at\/?p=1301"},"modified":"2017-06-12T08:00:26","modified_gmt":"2017-06-12T06:00:26","slug":"atomstopp-atomstrom-beguenstigt-erneuerbare-schikaniert","status":"publish","type":"post","link":"https:\/\/www.muettergegenatomgefahr.at\/?p=1301","title":{"rendered":"atomstopp: Atomstrom beg\u00fcnstigt &#8211; Erneuerbare schikaniert!"},"content":{"rendered":"<p><em>Tag des Windes, heute, 12. Juni von 12 bis 17 Uhr am Linzer Taubenmarkt<b class=\"head\"><\/b><b class=\"news_untertitel\"> <\/b> <\/em> <b class=\"news_text\"><\/b><\/p>\n<p>Wenn dieser Tage \u00fcberall in \u00d6sterreich der j\u00e4hrliche &#8218;Tag des Windes&#8216; begangen wird, so hat das 2017 eine bittere Note: &#8222;Die l\u00e4ngst \u00fcberf\u00e4llige Novellierung des \u00d6kostromgesetzes droht in einer Endloswarteschleife h\u00e4ngen zu bleiben. Zeitgem\u00e4\u00dfe gesetzliche Rahmenbedingungen sind jedoch unerl\u00e4sslich f\u00fcr den dringenden Ausbau der Energiewende. Mit jedem Tag der Verz\u00f6gerung wird zwangsl\u00e4ufig mehr und mehr Atomstrom nach \u00d6sterreich gepumpt &#8211; eine Entwicklung, die wir schwer verurteilen! Wir rufen deshalb zur Unterzeichnung der Petition\u00a0<a href=\"http:\/\/www.erneuerbare-energie.at\/petition\">Rettungsaktion \u00d6kostrom \u2013 Handeln statt Sandeln<\/a> auf, die von zahlreichen Erneuerbare-Energie-Verb\u00e4nden und Umweltschutzorganisationen betrieben wird!&#8220;, so Gabriele Schweiger und Roland Egger, Sprecher von atomstopp_oberoesterreich.<\/p>\n<p>&#8222;In Linz stehen wir zum &#8218;Tag des Windes&#8216; heute, am 12. Juni 2017, von 12 bis 17 Uhr am Linzer Taubenmarkt mit einem Info-Stand bereit. Hier kann auch unsere <a href=\"http:\/\/www.temelin.at\/petition.php?id=14\">Petition f\u00fcr eine angemessene Haftpflichtversicherung f\u00fcr Atomkraftwerke<\/a>, die im Herbst an das EU-Parlament \u00fcbergeben wird, unterschrieben werden. Gern geben wir Listen f\u00fcr weitere Unterschriftensammlung ab! Dass ausgerechnet Atomkonzerne &#8211; trotz ihres enormen, grenz\u00fcberschreitenden Gefahrenpotenzials! &#8211; europaweit von einer einheitlichen Haftpflicht ausgenommen sind und mit str\u00e4flicher Unterversicherung dahinfuhrwerken d\u00fcrfen, ist ein Skandal, der schon viel zu lange hingenommen wird! Wir werden nicht locker lassen, diesen wettbewerbsverzerrenden Missstand anzugreifen und freuen uns \u00fcber jede Unterst\u00fctzung dabei!&#8220;, so Schweiger und Egger abschlie\u00dfend.<\/p>\n<p>Weitere Hinweise:<br \/>\nGabriele Schweiger 0680733 33 625<br \/>\nRoland Egger 0680\/23 93 019<\/p>\n<p>&nbsp;<\/p>\n","protected":false},"excerpt":{"rendered":"<p>Tag des Windes, heute, 12. Juni von 12 bis 17 Uhr am Linzer Taubenmarkt Wenn dieser Tage \u00fcberall in \u00d6sterreich der j\u00e4hrliche &#8218;Tag des Windes&#8216; begangen wird, so hat das 2017 eine bittere Note: &#8222;Die l\u00e4ngst \u00fcberf\u00e4llige Novellierung des \u00d6kostromgesetzes &hellip; <a href=\"https:\/\/www.muettergegenatomgefahr.at\/?p=1301\">Weiterlesen <span class=\"meta-nav\">&rarr;<\/span><\/a><\/p>\n","protected":false},"author":2,"featured_media":0,"comment_status":"open","ping_status":"open","sticky":false,"template":"","format":"standard","meta":{"footnotes":""},"categories":[1],"tags":[],"class_list":["post-1301","post","type-post","status-publish","format-standard","hentry","category-allgemein"],"_links":{"self":[{"href":"https:\/\/www.muettergegenatomgefahr.at\/index.php?rest_route=\/wp\/v2\/posts\/1301","targetHints":{"allow":["GET"]}}],"collection":[{"href":"https:\/\/www.muettergegenatomgefahr.at\/index.php?rest_route=\/wp\/v2\/posts"}],"about":[{"href":"https:\/\/www.muettergegenatomgefahr.at\/index.php?rest_route=\/wp\/v2\/types\/post"}],"author":[{"embeddable":true,"href":"https:\/\/www.muettergegenatomgefahr.at\/index.php?rest_route=\/wp\/v2\/users\/2"}],"replies":[{"embeddable":true,"href":"https:\/\/www.muettergegenatomgefahr.at\/index.php?rest_route=%2Fwp%2Fv2%2Fcomments&post=1301"}],"version-history":[{"count":1,"href":"https:\/\/www.muettergegenatomgefahr.at\/index.php?rest_route=\/wp\/v2\/posts\/1301\/revisions"}],"predecessor-version":[{"id":1302,"href":"https:\/\/www.muettergegenatomgefahr.at\/index.php?rest_route=\/wp\/v2\/posts\/1301\/revisions\/1302"}],"wp:attachment":[{"href":"https:\/\/www.muettergegenatomgefahr.at\/index.php?rest_route=%2Fwp%2Fv2%2Fmedia&parent=1301"}],"wp:term":[{"taxonomy":"category","embeddable":true,"href":"https:\/\/www.muettergegenatomgefahr.at\/index.php?rest_route=%2Fwp%2Fv2%2Fcategories&post=1301"},{"taxonomy":"post_tag","embeddable":true,"href":"https:\/\/www.muettergegenatomgefahr.at\/index.php?rest_route=%2Fwp%2Fv2%2Ftags&post=1301"}],"curies":[{"name":"wp","href":"https:\/\/api.w.org\/{rel}","templated":true}]}}