{"id":1304,"date":"2017-06-26T15:34:11","date_gmt":"2017-06-26T13:34:11","guid":{"rendered":"http:\/\/www.muettergegenatomgefahr.at\/?p=1304"},"modified":"2017-06-26T15:34:11","modified_gmt":"2017-06-26T13:34:11","slug":"atomstopp-und-plage-traditioneller-antrittsbesuch-der-antiatom-organisation-bei-bundespraesident-unerwuenscht","status":"publish","type":"post","link":"https:\/\/www.muettergegenatomgefahr.at\/?p=1304","title":{"rendered":"atomstopp und PLAGE: Traditioneller Antrittsbesuch der Antiatom-Organisation bei Bundespr\u00e4sident unerw\u00fcnscht?"},"content":{"rendered":"<p><em>Vorg\u00e4nger Fischer stets offen f\u00fcr Gespr\u00e4chsaustausch!<\/em><\/p>\n<p><em>Offener Brief an Bundespr\u00e4sident Prof. Dr. Alexander Van der Bellen<\/em><\/p>\n<p>Sehr geehrter Herr Bundespr\u00e4sident,<\/p>\n<p>wenn Sie diese Woche zu Ihrem Amtskollegen nach Tschechien reisen, so werden Sie sicher \u2013 wie auch k\u00fcrzlich in Slowenien \u2013 die \u00e4u\u00dferst verschiedenen Standpunkte in Sachen Atomkraft thematisieren. Das ist l\u00f6blich, das ist auch erwartbar, alles andere w\u00e4re eines gr\u00fcnaffinen Bundespr\u00e4sidenten nicht w\u00fcrdig. Aber es ist zu wenig.<\/p>\n<p>Lassen Sie uns erkl\u00e4ren: Wir haben Sie mehrfach um einen offiziellen Termin ersucht, um Ihnen unsere Erkenntnisse und Ideen f\u00fcr eine mutige, vision\u00e4re Antiatompolitik von \u00d6sterreich aus f\u00fcr Europa auseinander setzen zu d\u00fcrfen. Es sind die Erkenntnisse und Ideen aus unseren langj\u00e4hrigen Erfahrungen als Vertreter_innen von zivilgesellschaftlichen Organisationen, die sich seit langem in internationaler Vernetzung mit der Frage auseinandersetzen, mit welchen Ma\u00dfnahmen wir einem atomkraftfreien Europa n\u00e4herkommen k\u00f6nnen.<\/p>\n<p>Dass wir der Ansicht sind, dass es mit mahnenden Worten auf diplomatischer Ebene nicht abgetan sein kann, wird wohl keine \u00dcberraschung sein f\u00fcr Sie. Auch nicht, dass wir f\u00fcr die Allmacht der Atomindustrie in Europa ein klar zu identifizierendes Konstrukt verantwortlich machen, n\u00e4mlich EURATOM, die Europ\u00e4ische Atomgemeinschaft. Sie selber haben dem Vernehmen nach unser EURATOM-Volksbegehren unterschrieben.<\/p>\n<p>Bisher haben Sie unsere Gespr\u00e4chsanfragen klassisch \u201ened amal ignoriert\u201c. Das ist befremdlich, war doch der Austausch zwischen Staatsrepr\u00e4sentanz und Antiatom-Organisationen, die das Ohr beim Volk und den Blick auf \u00fcbergeordnete Ziele haben, stets ein guter. Ein Ende dieser Tradition nehmen wir \u00e4u\u00dferst ungern zur Kenntnis.<\/p>\n<p>Was sicher nicht endet: Wir werden all unsere Initiativen gegen EURATOM, also gegen sozusagen den Imperativ f\u00fcr ein nukleares Europa, ergreifen, weiterf\u00fchren, vorantreiben. Wann, wenn nicht 60 Jahre nach Gr\u00fcndung dieser unheilvollen Basis, wann, wenn nicht entlang des Anlassfalls BREXIT mit seinem pr\u00e4zedenzf\u00e4lligen ersten Ausstieg eines EU-Staates auch aus EURATOM, wann also sollte eine bessere Gelegenheit kommen, um die Bereinigung \u00fcberholter Strukturen beherzt und konkret in Angriff zu nehmen?<\/p>\n<p>Diese Logik sollte eigentlich \u00fcberzeugen. Den anstehenden Wahlkampf werden wir nutzen, um geneigte, geeignete Mitstreiter_innen in der Politik zu aktivieren \u2013 unter den wahlwerbenden Abgeordneten ebenso wie auf pr\u00e4sidialer Ebene.<\/p>\n<p>Sehr geehrter Herr Bundespr\u00e4sident, auch wenn die Hoffnung, Sie mit ins Boot holen zu k\u00f6nnen schon deutlich ged\u00e4mpft ist, geben wir noch nicht ganz auf und freuen uns auf Ihre gesch\u00e4tzte Antwort.<\/p>\n<p>Mit freundlichen Gr\u00fc\u00dfen\u00a0aus Ober\u00f6sterreich und Salzburg<\/p>\n<p>Roland Egger<br \/>\nGabriele Schweiger<br \/>\natomstopp_oberoesterreich<\/p>\n<p>Heinz Stockinger<br \/>\nPlattform gegen Atomgefahren<\/p>\n<p>F\u00fcr R\u00fcckfragen:<\/p>\n<p>Gabriele Schweiger 0680\/33 33\u00a0625<br \/>\nRoland Egger 0680\/23 93\u00a0019<br \/>\nHeinz Stockinger 0662\/643 567<\/p>\n","protected":false},"excerpt":{"rendered":"<p>Vorg\u00e4nger Fischer stets offen f\u00fcr Gespr\u00e4chsaustausch! Offener Brief an Bundespr\u00e4sident Prof. Dr. Alexander Van der Bellen Sehr geehrter Herr Bundespr\u00e4sident, wenn Sie diese Woche zu Ihrem Amtskollegen nach Tschechien reisen, so werden Sie sicher \u2013 wie auch k\u00fcrzlich in Slowenien &hellip; <a href=\"https:\/\/www.muettergegenatomgefahr.at\/?p=1304\">Weiterlesen <span class=\"meta-nav\">&rarr;<\/span><\/a><\/p>\n","protected":false},"author":2,"featured_media":0,"comment_status":"open","ping_status":"open","sticky":false,"template":"","format":"standard","meta":{"footnotes":""},"categories":[1],"tags":[],"class_list":["post-1304","post","type-post","status-publish","format-standard","hentry","category-allgemein"],"_links":{"self":[{"href":"https:\/\/www.muettergegenatomgefahr.at\/index.php?rest_route=\/wp\/v2\/posts\/1304","targetHints":{"allow":["GET"]}}],"collection":[{"href":"https:\/\/www.muettergegenatomgefahr.at\/index.php?rest_route=\/wp\/v2\/posts"}],"about":[{"href":"https:\/\/www.muettergegenatomgefahr.at\/index.php?rest_route=\/wp\/v2\/types\/post"}],"author":[{"embeddable":true,"href":"https:\/\/www.muettergegenatomgefahr.at\/index.php?rest_route=\/wp\/v2\/users\/2"}],"replies":[{"embeddable":true,"href":"https:\/\/www.muettergegenatomgefahr.at\/index.php?rest_route=%2Fwp%2Fv2%2Fcomments&post=1304"}],"version-history":[{"count":1,"href":"https:\/\/www.muettergegenatomgefahr.at\/index.php?rest_route=\/wp\/v2\/posts\/1304\/revisions"}],"predecessor-version":[{"id":1305,"href":"https:\/\/www.muettergegenatomgefahr.at\/index.php?rest_route=\/wp\/v2\/posts\/1304\/revisions\/1305"}],"wp:attachment":[{"href":"https:\/\/www.muettergegenatomgefahr.at\/index.php?rest_route=%2Fwp%2Fv2%2Fmedia&parent=1304"}],"wp:term":[{"taxonomy":"category","embeddable":true,"href":"https:\/\/www.muettergegenatomgefahr.at\/index.php?rest_route=%2Fwp%2Fv2%2Fcategories&post=1304"},{"taxonomy":"post_tag","embeddable":true,"href":"https:\/\/www.muettergegenatomgefahr.at\/index.php?rest_route=%2Fwp%2Fv2%2Ftags&post=1304"}],"curies":[{"name":"wp","href":"https:\/\/api.w.org\/{rel}","templated":true}]}}