{"id":1313,"date":"2017-07-17T08:46:36","date_gmt":"2017-07-17T06:46:36","guid":{"rendered":"http:\/\/www.muettergegenatomgefahr.at\/?p=1313"},"modified":"2017-07-17T08:46:36","modified_gmt":"2017-07-17T06:46:36","slug":"atomstopp-kraftvolles-signal-der-solidaritaet-im-kampf-gegen-atommuell","status":"publish","type":"post","link":"https:\/\/www.muettergegenatomgefahr.at\/?p=1313","title":{"rendered":"atomstopp: Kraftvolles Signal der Solidarit\u00e4t im Kampf gegen Atomm\u00fcll\u00a0"},"content":{"rendered":"<p><em>Bericht vom Protestmarsch gegen Endlager im tschechischen Pacejov\/Manovice<\/em><\/p>\n<p><span class=\"news_text\">Entschlossen und zuversichtlich waren auch heuer alle B\u00fcrger_innen beim traditionellen Protestmarsch gegen den geplanten Endlagerstandort f\u00fcr hochradioaktive Abf\u00e4lle in der Gegend von Pacejov\/Manovice, die wegen des Atomm\u00fclls aus Temelin und Dukovany ihre Heimat verlieren sollen. Etwa 200 Menschen aller Generationen waren trotz wechselhaft-feuchtem Wetter am Samstag unterwegs, um ihren ungebrochenen Widerstand gegen die Atompl\u00e4ne der Regierung zu demonstrieren. Mit dabei waren auch Aktivist_innen aus Bayern und aus \u00d6sterreich.<\/p>\n<p>&#8222;Es ist bewundernswert, mit welcher Beharrlichkeit die Menschen vor Ort sich dagegen wehren, ihren intakten l\u00e4ndlichen Lebensbereich f\u00fcr die &#8211; sozusagen &#8211; strahlende Senkgrube der Nation aufgeben zu m\u00fcssen! Schon zum 14. Mal versammeln sich hier j\u00e4hrlich die Menschen, um sich \u00fcber den aktuellen Stand der Aktivit\u00e4ten der lokalen Politik gegen die Regierungsma\u00dfnahmen zu informieren. Wir von atomstopp_oberoesterreich sch\u00e4tzen und unterst\u00fctzen diesen kraftvollen Widerstand seit vielen Jahren und wir freuen uns, dass wir auch heuer wieder willkommen gehei\u00dfen und unsere Teilnahme sowie solidarischen Redebeitr\u00e4ge mit Interesse und Genugtuung aufgenommen wurden!&#8220;, berichten Gabriele Schweiger und Roland Egger, Sprecher von atomstopp_oberoesterreich von der Aktion.\u00a0<\/span><\/p>\n<p><span class=\"news_text\"><a href=\"http:\/\/www.muettergegenatomgefahr.at\/wp-content\/uploads\/IMG_1319.jpg\"><img loading=\"lazy\" decoding=\"async\" class=\"aligncenter  wp-image-1314\" src=\"http:\/\/www.muettergegenatomgefahr.at\/wp-content\/uploads\/IMG_1319-300x225.jpg\" alt=\"IMG_1319\" width=\"550\" height=\"412\" srcset=\"https:\/\/www.muettergegenatomgefahr.at\/wp-content\/uploads\/IMG_1319-300x225.jpg 300w, https:\/\/www.muettergegenatomgefahr.at\/wp-content\/uploads\/IMG_1319-768x576.jpg 768w, https:\/\/www.muettergegenatomgefahr.at\/wp-content\/uploads\/IMG_1319.jpg 1024w\" sizes=\"auto, (max-width: 550px) 100vw, 550px\" \/><\/a>&#8222;Genauso wie diese Menschen im westb\u00f6hmischen Kreis Klatovy werden wir nicht aufgeben, gegen die verantwortungslosen Methoden der Atomindustrie mit ihren unabsehbaren Folgen f\u00fcr uns und vor allem f\u00fcr zuk\u00fcnftige Generationen zu Felde zu ziehen! Einig sind wir uns auch, dass wir einen langen Atem brauchen werden, denn die Lobby setzt auf Aushungern des Widerstands. Doch das wird nicht gelingen, denn wir sind \u00fcberzeugt, dass wir im Recht sind, wenn wir die Atomkraft mitsamt ihrer \u00f6kologischen und \u00f6konomischen Untragbarkeit bek\u00e4mpfen!&#8220;, so Schweiger und Egger abschlie\u00dfend.<\/p>\n<p>Weitere Informationen:<br \/>\nGabriele Schweiger 0680\/33 33 625<br \/>\nRoland Egger 0680\/23 93 019<\/span><\/p>\n","protected":false},"excerpt":{"rendered":"<p>Bericht vom Protestmarsch gegen Endlager im tschechischen Pacejov\/Manovice Entschlossen und zuversichtlich waren auch heuer alle B\u00fcrger_innen beim traditionellen Protestmarsch gegen den geplanten Endlagerstandort f\u00fcr hochradioaktive Abf\u00e4lle in der Gegend von Pacejov\/Manovice, die wegen des Atomm\u00fclls aus Temelin und Dukovany ihre &hellip; <a href=\"https:\/\/www.muettergegenatomgefahr.at\/?p=1313\">Weiterlesen <span class=\"meta-nav\">&rarr;<\/span><\/a><\/p>\n","protected":false},"author":2,"featured_media":0,"comment_status":"open","ping_status":"open","sticky":false,"template":"","format":"standard","meta":{"footnotes":""},"categories":[1],"tags":[],"class_list":["post-1313","post","type-post","status-publish","format-standard","hentry","category-allgemein"],"_links":{"self":[{"href":"https:\/\/www.muettergegenatomgefahr.at\/index.php?rest_route=\/wp\/v2\/posts\/1313","targetHints":{"allow":["GET"]}}],"collection":[{"href":"https:\/\/www.muettergegenatomgefahr.at\/index.php?rest_route=\/wp\/v2\/posts"}],"about":[{"href":"https:\/\/www.muettergegenatomgefahr.at\/index.php?rest_route=\/wp\/v2\/types\/post"}],"author":[{"embeddable":true,"href":"https:\/\/www.muettergegenatomgefahr.at\/index.php?rest_route=\/wp\/v2\/users\/2"}],"replies":[{"embeddable":true,"href":"https:\/\/www.muettergegenatomgefahr.at\/index.php?rest_route=%2Fwp%2Fv2%2Fcomments&post=1313"}],"version-history":[{"count":1,"href":"https:\/\/www.muettergegenatomgefahr.at\/index.php?rest_route=\/wp\/v2\/posts\/1313\/revisions"}],"predecessor-version":[{"id":1315,"href":"https:\/\/www.muettergegenatomgefahr.at\/index.php?rest_route=\/wp\/v2\/posts\/1313\/revisions\/1315"}],"wp:attachment":[{"href":"https:\/\/www.muettergegenatomgefahr.at\/index.php?rest_route=%2Fwp%2Fv2%2Fmedia&parent=1313"}],"wp:term":[{"taxonomy":"category","embeddable":true,"href":"https:\/\/www.muettergegenatomgefahr.at\/index.php?rest_route=%2Fwp%2Fv2%2Fcategories&post=1313"},{"taxonomy":"post_tag","embeddable":true,"href":"https:\/\/www.muettergegenatomgefahr.at\/index.php?rest_route=%2Fwp%2Fv2%2Ftags&post=1313"}],"curies":[{"name":"wp","href":"https:\/\/api.w.org\/{rel}","templated":true}]}}