{"id":1320,"date":"2017-09-08T09:24:52","date_gmt":"2017-09-08T07:24:52","guid":{"rendered":"http:\/\/www.muettergegenatomgefahr.at\/?p=1320"},"modified":"2017-09-16T09:25:32","modified_gmt":"2017-09-16T07:25:32","slug":"atomstopp-haftpflicht-fuer-akw-laufzeitverlaengerungen-euratom","status":"publish","type":"post","link":"https:\/\/www.muettergegenatomgefahr.at\/?p=1320","title":{"rendered":"atomstopp: Haftpflicht f\u00fcr AKW, Laufzeitverl\u00e4ngerungen, EURATOM"},"content":{"rendered":"<p><em>Antiatompolitische Sachfragen an Wahlwerber sind gestellt!<\/em><\/p>\n<p>\u0084&#8220;Zum Wahlkampfauftakt haben wir uns mit ganz konkreten antiatompolitischen Anfragen bei den Kandidat_innnen zur Nationalratswahl 2017 eingestellt \u0096 und warten nun gespannt auf die Ausf\u00fchrungen!\u0093&#8220;, so Gabriele Schweiger und Roland Egger, Sprecher von atomstopp_oberoesterreich.<\/p>\n<p>\u0084&#8220;Eine Antiatompolitik, die diesen Namen auch verdient, sind uns ja so gut wie alle Regierungen der letzten Jahre schuldig geblieben. Wir wollen wissen, wer von den antretenden Parteien endlich mal mehr Biss hat und echte Ambitionen, \u00fcber ein weitgehend schl\u00e4friges Sich-R\u00e4keln auf einem ererbten fraktions\u00fcbergreifenden Antiatomkonsens hinaus zu agieren! Zu machen g\u00e4be es viel: Neben der immer noch fehlenden Haftpflicht f\u00fcr AKW-Betreiber und den drohenden Laufzeitverl\u00e4ngerungen rund um \u00d6sterreich steht f\u00fcr uns vor allem EURATOM und \u00d6sterreichs Mitgliedschaft dabei zur Debatte!\u0093&#8220;, heben Schweiger und Egger die wichtigsten Punkte hervor.<\/p>\n<p>\u0084&#8220;Einige Fraktionen haben bereits r\u00fcckgemeldet, in den n\u00e4chsten Tagen Stellung nehmen zu wollen. Wir freuen uns darauf, alle Antworten \u0096 aber auch allf\u00e4llige Antwortverweigerungen! \u0096 noch rechtzeitig vor der Wahl in unserer neuesten Ausgabe von \u0082atomstopp\u0092 aufbereiten und in einer Auflage von rund 15.000 Stk an den Kreis unserer Unterst\u00fctzer_innen versenden zu d\u00fcrfen! Wir sind sicher, dass wir damit beitragen, einen kl\u00e4renden Blick auf die \u00f6sterreichische Antiatompolitik der Zukunft zu werfen!\u0093&#8220;, so Schweiger und Egger abschlie\u00dfend.<\/p>\n<p>Weitere Informationen:<br \/>\nGabriele Schweiger 0680\/33 33 625<br \/>\nRoland Egger 0680\/23 93 019<\/p>\n","protected":false},"excerpt":{"rendered":"<p>Antiatompolitische Sachfragen an Wahlwerber sind gestellt! \u0084&#8220;Zum Wahlkampfauftakt haben wir uns mit ganz konkreten antiatompolitischen Anfragen bei den Kandidat_innnen zur Nationalratswahl 2017 eingestellt \u0096 und warten nun gespannt auf die Ausf\u00fchrungen!\u0093&#8220;, so Gabriele Schweiger und Roland Egger, Sprecher von atomstopp_oberoesterreich. &hellip; <a href=\"https:\/\/www.muettergegenatomgefahr.at\/?p=1320\">Weiterlesen <span class=\"meta-nav\">&rarr;<\/span><\/a><\/p>\n","protected":false},"author":2,"featured_media":0,"comment_status":"open","ping_status":"open","sticky":false,"template":"","format":"standard","meta":{"footnotes":""},"categories":[1],"tags":[],"class_list":["post-1320","post","type-post","status-publish","format-standard","hentry","category-allgemein"],"_links":{"self":[{"href":"https:\/\/www.muettergegenatomgefahr.at\/index.php?rest_route=\/wp\/v2\/posts\/1320","targetHints":{"allow":["GET"]}}],"collection":[{"href":"https:\/\/www.muettergegenatomgefahr.at\/index.php?rest_route=\/wp\/v2\/posts"}],"about":[{"href":"https:\/\/www.muettergegenatomgefahr.at\/index.php?rest_route=\/wp\/v2\/types\/post"}],"author":[{"embeddable":true,"href":"https:\/\/www.muettergegenatomgefahr.at\/index.php?rest_route=\/wp\/v2\/users\/2"}],"replies":[{"embeddable":true,"href":"https:\/\/www.muettergegenatomgefahr.at\/index.php?rest_route=%2Fwp%2Fv2%2Fcomments&post=1320"}],"version-history":[{"count":1,"href":"https:\/\/www.muettergegenatomgefahr.at\/index.php?rest_route=\/wp\/v2\/posts\/1320\/revisions"}],"predecessor-version":[{"id":1321,"href":"https:\/\/www.muettergegenatomgefahr.at\/index.php?rest_route=\/wp\/v2\/posts\/1320\/revisions\/1321"}],"wp:attachment":[{"href":"https:\/\/www.muettergegenatomgefahr.at\/index.php?rest_route=%2Fwp%2Fv2%2Fmedia&parent=1320"}],"wp:term":[{"taxonomy":"category","embeddable":true,"href":"https:\/\/www.muettergegenatomgefahr.at\/index.php?rest_route=%2Fwp%2Fv2%2Fcategories&post=1320"},{"taxonomy":"post_tag","embeddable":true,"href":"https:\/\/www.muettergegenatomgefahr.at\/index.php?rest_route=%2Fwp%2Fv2%2Ftags&post=1320"}],"curies":[{"name":"wp","href":"https:\/\/api.w.org\/{rel}","templated":true}]}}