{"id":1324,"date":"2017-10-03T10:34:35","date_gmt":"2017-10-03T08:34:35","guid":{"rendered":"http:\/\/www.muettergegenatomgefahr.at\/?p=1324"},"modified":"2017-10-03T10:34:35","modified_gmt":"2017-10-03T08:34:35","slug":"atomstoppplage-euratom-als-zentrales-thema-bei-gespraech-mit-alexander-van-der-bellen","status":"publish","type":"post","link":"https:\/\/www.muettergegenatomgefahr.at\/?p=1324","title":{"rendered":"atomstopp\/PLAGE: EURATOM als zentrales Thema bei Gespr\u00e4ch mit Alexander Van der Bellen"},"content":{"rendered":"<p><em>Atomgegner_innen am 5. Oktober zu Besuch in der Pr\u00e4sidentschaftskanzlei<\/em><\/p>\n<p>&#8222;Wir freuen uns sehr, dass wir f\u00fcr Donnerstag, 5. Oktober 2017 endlich das lang anvisierte Gespr\u00e4ch mit Bundespr\u00e4sident Alexander Van der Bellen fixieren konnten! Mit ihm haben wir zweifelsfrei einen Atomkraftgegner ohne Wenn und Aber zum Bundespr\u00e4sidenten und somit einen Verb\u00fcndeten auf h\u00f6chster Staatsebene! Und genau das wollen wir nutzen!&#8220;, so Gabriele Schweiger und Roland Egger, Sprecher von atomstopp_oberoesterreich und Heinz Stockinger, Obmann der Salzburger PLAGE, zu dem diese Woche Donnerstag bevorstehenden Besuch von Anti-Atom-Organisationen bei Bundespr\u00e4sident Alexander Van der Bellen.<\/p>\n<p>&#8222;Als pers\u00f6nlicher Unterzeichner unseres EURATOM-Volksbegehrens aus 2011 erhoffen wir uns von Alexander Van der Bellen ein b esonders offenes Ohr f\u00fcr dieses Thema. 2017 bietet einen wichtigen Reflexionszeitraum f\u00fcr die generelle Frage, ob eine Institution wie EURATOM einer zeitgem\u00e4\u00dfen Europ\u00e4ischen Union nicht vielmehr schadet, als sie ihr je genutzt hat! Seit 60 Jahren sichert der Vertrag der Atomindustrie in Europa einen Status, den sie nach allen Faktoren der Wirtschaftlichkeit nie und nimmer haben k\u00f6nnte! Wir wollen eine Entmachtung, eine Entprivilegierung der Atomindustrie erreichen!&#8220;, umrei\u00dfen Schweiger und Egger ihr Thema f\u00fcr das Gespr\u00e4ch.<\/p>\n<p>&#8222;Wir haben Ideen zu einem echten Entwicklungsimpuls &#8211; f\u00fcr eine Europ\u00e4ische Union ohne demokratiefeindliche Fu\u00dffessel EURATOM-Vertrag! Diese Ideen m\u00f6chten wir dem \u00fcberzeugten Europ\u00e4er Van der Bellen auseinandersetzen und mit ihm diskutieren. Mit der Resolution zur EURATOM-Aufl\u00f6sung, die auf Initiative von atomstopp unter Mitwirken internationaler Expert_innen heuer im Fr\u00fchjahr verabschiedet werden konnte, legen wir einen formidablen L\u00f6sungsansatz vor, wi e alle relevanten Bestimmungen zum geregelten Umgang mit Radioaktivit\u00e4t und den Folgen ihrer Nutzung gewahrt bleiben k\u00f6nnen, gleichzeitig das F\u00f6rderziel des EURATOM-Vertrags, n\u00e4mlich &#8218;[&#8230;] alle Voraussetzungen f\u00fcr eine m\u00e4chtige Atomindustrie in Europa zu schaffen [&#8230;]&#8216; mitsamt all den anderen Privilegien f\u00fcr Atomkonzerne in Europa dorthin entsorgt werden kann, wo es hingeh\u00f6rt: auf den Schrotthaufen der Geschichte!&#8220;, schlie\u00dfen Schweiger, Egger und Stockinger motiviert.<\/p>\n<p><em>Weitere Informationen:<\/em><br \/>\n<em>Gabriele Schweiger 0680\/33 33 625<\/em><br \/>\n<em>Roland Egger 0680\/23 93 019<\/em><br \/>\n<em>Heinz Stockinger 0662\/64 35 67<\/em><\/p>\n","protected":false},"excerpt":{"rendered":"<p>Atomgegner_innen am 5. Oktober zu Besuch in der Pr\u00e4sidentschaftskanzlei &#8222;Wir freuen uns sehr, dass wir f\u00fcr Donnerstag, 5. Oktober 2017 endlich das lang anvisierte Gespr\u00e4ch mit Bundespr\u00e4sident Alexander Van der Bellen fixieren konnten! Mit ihm haben wir zweifelsfrei einen Atomkraftgegner &hellip; <a href=\"https:\/\/www.muettergegenatomgefahr.at\/?p=1324\">Weiterlesen <span class=\"meta-nav\">&rarr;<\/span><\/a><\/p>\n","protected":false},"author":2,"featured_media":0,"comment_status":"open","ping_status":"open","sticky":false,"template":"","format":"standard","meta":{"footnotes":""},"categories":[1],"tags":[],"class_list":["post-1324","post","type-post","status-publish","format-standard","hentry","category-allgemein"],"_links":{"self":[{"href":"https:\/\/www.muettergegenatomgefahr.at\/index.php?rest_route=\/wp\/v2\/posts\/1324","targetHints":{"allow":["GET"]}}],"collection":[{"href":"https:\/\/www.muettergegenatomgefahr.at\/index.php?rest_route=\/wp\/v2\/posts"}],"about":[{"href":"https:\/\/www.muettergegenatomgefahr.at\/index.php?rest_route=\/wp\/v2\/types\/post"}],"author":[{"embeddable":true,"href":"https:\/\/www.muettergegenatomgefahr.at\/index.php?rest_route=\/wp\/v2\/users\/2"}],"replies":[{"embeddable":true,"href":"https:\/\/www.muettergegenatomgefahr.at\/index.php?rest_route=%2Fwp%2Fv2%2Fcomments&post=1324"}],"version-history":[{"count":1,"href":"https:\/\/www.muettergegenatomgefahr.at\/index.php?rest_route=\/wp\/v2\/posts\/1324\/revisions"}],"predecessor-version":[{"id":1325,"href":"https:\/\/www.muettergegenatomgefahr.at\/index.php?rest_route=\/wp\/v2\/posts\/1324\/revisions\/1325"}],"wp:attachment":[{"href":"https:\/\/www.muettergegenatomgefahr.at\/index.php?rest_route=%2Fwp%2Fv2%2Fmedia&parent=1324"}],"wp:term":[{"taxonomy":"category","embeddable":true,"href":"https:\/\/www.muettergegenatomgefahr.at\/index.php?rest_route=%2Fwp%2Fv2%2Fcategories&post=1324"},{"taxonomy":"post_tag","embeddable":true,"href":"https:\/\/www.muettergegenatomgefahr.at\/index.php?rest_route=%2Fwp%2Fv2%2Ftags&post=1324"}],"curies":[{"name":"wp","href":"https:\/\/api.w.org\/{rel}","templated":true}]}}