{"id":1343,"date":"2017-11-15T11:23:33","date_gmt":"2017-11-15T09:23:33","guid":{"rendered":"http:\/\/www.muettergegenatomgefahr.at\/?p=1343"},"modified":"2017-11-15T11:23:33","modified_gmt":"2017-11-15T09:23:33","slug":"atomstopp-oevp-fpoe-koalitionsverhandler-muessen-sich-dem-euratom-vertrag-stellen","status":"publish","type":"post","link":"https:\/\/www.muettergegenatomgefahr.at\/?p=1343","title":{"rendered":"atomstopp: \u00d6VP-FP\u00d6-Koalitionsverhandler m\u00fcssen sich dem EURATOM-Vertrag stellen!"},"content":{"rendered":"<p><em><span class=\"news_untertitel\">FP\u00d6 in Opposition als DIE treibende Kraft f\u00fcr EURATOM-Ausstieg \u00d6sterreichs <\/span><\/em><\/p>\n<p><span class=\"news_text\">&#8222;Mit der FP\u00d6 k\u00f6nnte erstmals eine Partei in die Regierung kommen, die seit langem und unmissverst\u00e4ndlich den Ausstieg \u00d6sterreichs aus dem EURATOM-Vertrag verlangt! Und auch die \u00d6VP unter Sebastian Kurz versicherte uns im Wahlkampf 2017 glaubhaft, dass eine Reform oder auch die von atomstopp forcierte Aufl\u00f6sung des EURATOM-Vertrags anzustreben sei&#8220;, so Gabriele Schweiger und Roland Egger, Sprecher von atomstopp_oberoesterreich.<\/p>\n<p>&#8222;Wenn die Koalitionsverhandler von \u00d6VP und FP\u00d6 diese Woche bei ihren Sondierungsgespr\u00e4chen ins Detail gehen, m\u00fcssen sie sich auch dem EURATOM-Vertrag und der Mitgliedschaft \u00d6sterreichs dabei stellen. Nichts anderes erwarten wir uns nach den Ank\u00fcndigungen beider Parteien!&#8220;, so Schweiger und Egger weiter.<\/p>\n<p>&#8222;Unsere Erwartungen sind hoch, aber auch nachvollziehbar: Ein Abweichen der engagierten Positionierungen beider Parteien hinsichtlich EURATOM ist f\u00fcr uns nicht akzeptabel! Solange der EURATOM-Vertrag in seiner urspr\u00fcnglichen Form von allen Staaten, also auch vom atomkraftfreien \u00d6sterreich akzeptiert wird, kann sich an der Ma\u00dflosigkeit der Atomindustrie nichts \u00e4ndern! Im kommenden Regierungsprogramm m\u00fcssen also die Weichen hinsichtlich EURATOM gestellt werden. Entweder mit dem Ausstieg \u00d6sterreichs aus EURATOM \u2013 wie es die FP\u00d6 seit Jahren fordert \u2013 oder eine grundlegende Reform bis hin zur Aufl\u00f6sung von EURATOM \u2013 wie es die \u00d6VP propagiert&#8220;, so Schweiger und Egger abschlie\u00dfend.<\/p>\n<p>Weitere Informationen:<br \/>\nGabriele Schweiger 0680\/33 33 625<br \/>\nRoland Egger 0680\/23 93 019<\/span><\/p>\n","protected":false},"excerpt":{"rendered":"<p>FP\u00d6 in Opposition als DIE treibende Kraft f\u00fcr EURATOM-Ausstieg \u00d6sterreichs &#8222;Mit der FP\u00d6 k\u00f6nnte erstmals eine Partei in die Regierung kommen, die seit langem und unmissverst\u00e4ndlich den Ausstieg \u00d6sterreichs aus dem EURATOM-Vertrag verlangt! Und auch die \u00d6VP unter Sebastian Kurz &hellip; <a href=\"https:\/\/www.muettergegenatomgefahr.at\/?p=1343\">Weiterlesen <span class=\"meta-nav\">&rarr;<\/span><\/a><\/p>\n","protected":false},"author":2,"featured_media":0,"comment_status":"open","ping_status":"open","sticky":false,"template":"","format":"standard","meta":{"footnotes":""},"categories":[1],"tags":[],"class_list":["post-1343","post","type-post","status-publish","format-standard","hentry","category-allgemein"],"_links":{"self":[{"href":"https:\/\/www.muettergegenatomgefahr.at\/index.php?rest_route=\/wp\/v2\/posts\/1343","targetHints":{"allow":["GET"]}}],"collection":[{"href":"https:\/\/www.muettergegenatomgefahr.at\/index.php?rest_route=\/wp\/v2\/posts"}],"about":[{"href":"https:\/\/www.muettergegenatomgefahr.at\/index.php?rest_route=\/wp\/v2\/types\/post"}],"author":[{"embeddable":true,"href":"https:\/\/www.muettergegenatomgefahr.at\/index.php?rest_route=\/wp\/v2\/users\/2"}],"replies":[{"embeddable":true,"href":"https:\/\/www.muettergegenatomgefahr.at\/index.php?rest_route=%2Fwp%2Fv2%2Fcomments&post=1343"}],"version-history":[{"count":1,"href":"https:\/\/www.muettergegenatomgefahr.at\/index.php?rest_route=\/wp\/v2\/posts\/1343\/revisions"}],"predecessor-version":[{"id":1344,"href":"https:\/\/www.muettergegenatomgefahr.at\/index.php?rest_route=\/wp\/v2\/posts\/1343\/revisions\/1344"}],"wp:attachment":[{"href":"https:\/\/www.muettergegenatomgefahr.at\/index.php?rest_route=%2Fwp%2Fv2%2Fmedia&parent=1343"}],"wp:term":[{"taxonomy":"category","embeddable":true,"href":"https:\/\/www.muettergegenatomgefahr.at\/index.php?rest_route=%2Fwp%2Fv2%2Fcategories&post=1343"},{"taxonomy":"post_tag","embeddable":true,"href":"https:\/\/www.muettergegenatomgefahr.at\/index.php?rest_route=%2Fwp%2Fv2%2Ftags&post=1343"}],"curies":[{"name":"wp","href":"https:\/\/api.w.org\/{rel}","templated":true}]}}