{"id":1353,"date":"2017-12-16T23:13:12","date_gmt":"2017-12-16T21:13:12","guid":{"rendered":"http:\/\/www.muettergegenatomgefahr.at\/?p=1353"},"modified":"2017-12-16T23:13:12","modified_gmt":"2017-12-16T21:13:12","slug":"atomstopp-kampfansage-gegen-euratom-im-regierungsprogramm","status":"publish","type":"post","link":"https:\/\/www.muettergegenatomgefahr.at\/?p=1353","title":{"rendered":"atomstopp: Kampfansage gegen EURATOM im Regierungsprogramm"},"content":{"rendered":"<p><em>Erste Gelegenheiten f\u00fcr antiatompolitische Profilierung aufgelegt<\/em><\/p>\n<p>&#8222;Es ist erfreulich, dass endlich in einem Regierungsabkommen nicht nur der ohnehin partei\u00fcbergreifende \u00f6sterreichische Antiatomkonsens beteuert wird, sondern erstmals auch eine konkrete Kampfansage gegen den EURATOM-Vertrag festgeschrieben ist! Wir hoffen sehr, dass die neue Regierung hier tats\u00e4chlich auch umsetzt, was sie sich vornimmt, denn wenn ein europaweiter Atomausstieg gelingen kann, dann nur unter Ausschaltung der Europ\u00e4ische Atomgemeinschaft EURATOM!&#8220;, so Gabriele Schweiger und Roland Egger, Sprecher von atomstopp_oberoesterreich in Reaktion auf die entsprechenden Passagen des Regierungsprogramms.<\/p>\n<p>&#8222;Wie ernst es die Regierung Schwarz-Blau II mit Antiatompolitik meint, kann sie praktisch sofort nach der Angelobung beweisen. Denn in diesem Aufgabenfeld stehen gleich drei aktuelle Punkte auf der Agenda: Zum einen muss die Republik \u00d6sterreich &#8211; wie auch schon im Fall Hinkley Point C &#8211; gegen die Kommissionsentscheidung \u00fcber das Subventionierung-Okay f\u00fcr das AKW Paks umgehend Klage einreichen, zum zweiten hat soeben die Frist begonnen, um gegen den geplanten Ausbau des grenznahen AKW Dukovany Stellung zu beziehen. Zum dritten erreicht gerade dieser Tage unsere breit getragene\u00a0<a href=\"http:\/\/www.nec2017.eu\/de\/resolution\" target=\"_blank\">Resolution an den Europ\u00e4ischen Rat f\u00fcr die Aufl\u00f6sung von EURATOM<\/a>\u00a0den Ratspr\u00e4sident Donald Tusk und sollte dringend durch die \u00f6sterreichische Staatsspitze prominent und beherzt unterst\u00fctzt werden!&#8220;, erg\u00e4nzen Schweiger und Egger abschlie\u00dfend.<\/p>\n<p>Weitere Informationen:<br \/>\nGabriele Schweiger 0680\/33 33 625<br \/>\nRoland Egger 0680\/23 93 019<\/p>\n","protected":false},"excerpt":{"rendered":"<p>Erste Gelegenheiten f\u00fcr antiatompolitische Profilierung aufgelegt &#8222;Es ist erfreulich, dass endlich in einem Regierungsabkommen nicht nur der ohnehin partei\u00fcbergreifende \u00f6sterreichische Antiatomkonsens beteuert wird, sondern erstmals auch eine konkrete Kampfansage gegen den EURATOM-Vertrag festgeschrieben ist! Wir hoffen sehr, dass die neue &hellip; <a href=\"https:\/\/www.muettergegenatomgefahr.at\/?p=1353\">Weiterlesen <span class=\"meta-nav\">&rarr;<\/span><\/a><\/p>\n","protected":false},"author":2,"featured_media":0,"comment_status":"open","ping_status":"open","sticky":false,"template":"","format":"standard","meta":{"footnotes":""},"categories":[1],"tags":[],"class_list":["post-1353","post","type-post","status-publish","format-standard","hentry","category-allgemein"],"_links":{"self":[{"href":"https:\/\/www.muettergegenatomgefahr.at\/index.php?rest_route=\/wp\/v2\/posts\/1353","targetHints":{"allow":["GET"]}}],"collection":[{"href":"https:\/\/www.muettergegenatomgefahr.at\/index.php?rest_route=\/wp\/v2\/posts"}],"about":[{"href":"https:\/\/www.muettergegenatomgefahr.at\/index.php?rest_route=\/wp\/v2\/types\/post"}],"author":[{"embeddable":true,"href":"https:\/\/www.muettergegenatomgefahr.at\/index.php?rest_route=\/wp\/v2\/users\/2"}],"replies":[{"embeddable":true,"href":"https:\/\/www.muettergegenatomgefahr.at\/index.php?rest_route=%2Fwp%2Fv2%2Fcomments&post=1353"}],"version-history":[{"count":1,"href":"https:\/\/www.muettergegenatomgefahr.at\/index.php?rest_route=\/wp\/v2\/posts\/1353\/revisions"}],"predecessor-version":[{"id":1354,"href":"https:\/\/www.muettergegenatomgefahr.at\/index.php?rest_route=\/wp\/v2\/posts\/1353\/revisions\/1354"}],"wp:attachment":[{"href":"https:\/\/www.muettergegenatomgefahr.at\/index.php?rest_route=%2Fwp%2Fv2%2Fmedia&parent=1353"}],"wp:term":[{"taxonomy":"category","embeddable":true,"href":"https:\/\/www.muettergegenatomgefahr.at\/index.php?rest_route=%2Fwp%2Fv2%2Fcategories&post=1353"},{"taxonomy":"post_tag","embeddable":true,"href":"https:\/\/www.muettergegenatomgefahr.at\/index.php?rest_route=%2Fwp%2Fv2%2Ftags&post=1353"}],"curies":[{"name":"wp","href":"https:\/\/api.w.org\/{rel}","templated":true}]}}