{"id":1356,"date":"2017-12-21T15:32:07","date_gmt":"2017-12-21T13:32:07","guid":{"rendered":"http:\/\/www.muettergegenatomgefahr.at\/?p=1356"},"modified":"2017-12-21T15:48:36","modified_gmt":"2017-12-21T13:48:36","slug":"atomstopp-erster-rueckzieher-der-neuen-koalition-bei-antiatom-versprechen","status":"publish","type":"post","link":"https:\/\/www.muettergegenatomgefahr.at\/?p=1356","title":{"rendered":"atomstopp: Erster R\u00fcckzieher der neuen Koalition bei Antiatom-Versprechen"},"content":{"rendered":"<p class=\"gwt-HTML\" data-field=\"subtitle\"><em>Kurz und Strache m\u00fcssen Nein zu Paks-Klage umgehend revidieren<\/em><\/p>\n<div class=\"gwt-HTML preview-text\" data-field=\"articleText\">\n<p>Linz (OTS) &#8211; &#8222;Bedauerlich, dass die neue Regierung bei Antiatom-Versprechen aus dem wenige Stunden jungen Regierungsprogramm offensichtlich schon in der ersten Sitzung des Nationalrates einen R\u00fcckzieher macht! Der Parlamentsaussendung zufolge ist T\u00fcrkis\/Blau nicht bereit, &#8218;rechtliche Schritte gegen die staatliche AKW-F\u00f6rderung durch die EU-Kommission&#8216; zu t\u00e4tigen. Das ist das glatte Gegenteil von &#8218;Neu- und Ausbau von Atomkraftwerken [&#8230;] mit allen zur Verf\u00fcgung stehenden politischen und rechtlichen Mitteln entgegenwirken\u2019!\u201c, staunen Gabriele Schweiger und Roland Egger, Sprecher von atomstopp_oberoesterreich \u00fcber den rasanten R\u00fcckzieher von T\u00fcrkis\/Blau.<\/p>\n<p>&#8222;Man hat ja in unserem Metier h\u00e4ufig erfahren m\u00fcssen, dass der politische Standort auch den Standpunkt bestimmt. Aber Ansagen aus dem eigenen, quasi druckfrischen Regierungsprogramm schon bei der ersten Gelegenheit abzuschie\u00dfen, das ist ein Vorgehen besonders ungeschickter Auspr\u00e4gung!&#8220;, erg\u00e4nzen Schweiger und Egger.<\/p>\n<p>&#8222;Wir appellieren an Kanzler Kurz und Vizekanzler Strache, die Entscheidung umgehend zu revidieren. Die Frist f\u00fcr die Paks-Klage l\u00e4uft bereits, diesen wichtigen Impuls f\u00fcr ein Europa ohne Atomkraft muss eine glaubw\u00fcrdige \u00f6sterreichische Regierung genauso setzen wie zuvor den mit der Klage zu Hinkley Point C!&#8220;, so Schweiger und Egger abschlie\u00dfend.<\/p>\n<p>Weitere Informationen:<br \/>\nGabriele Schweiger 0680\/33 33 625<br \/>\nRoland Egger 0680\/33 33 625<\/p>\n<p>&nbsp;<\/p>\n<\/div>\n","protected":false},"excerpt":{"rendered":"<p>Kurz und Strache m\u00fcssen Nein zu Paks-Klage umgehend revidieren Linz (OTS) &#8211; &#8222;Bedauerlich, dass die neue Regierung bei Antiatom-Versprechen aus dem wenige Stunden jungen Regierungsprogramm offensichtlich schon in der ersten Sitzung des Nationalrates einen R\u00fcckzieher macht! Der Parlamentsaussendung zufolge ist &hellip; <a href=\"https:\/\/www.muettergegenatomgefahr.at\/?p=1356\">Weiterlesen <span class=\"meta-nav\">&rarr;<\/span><\/a><\/p>\n","protected":false},"author":2,"featured_media":0,"comment_status":"open","ping_status":"open","sticky":false,"template":"","format":"standard","meta":{"footnotes":""},"categories":[1],"tags":[],"class_list":["post-1356","post","type-post","status-publish","format-standard","hentry","category-allgemein"],"_links":{"self":[{"href":"https:\/\/www.muettergegenatomgefahr.at\/index.php?rest_route=\/wp\/v2\/posts\/1356","targetHints":{"allow":["GET"]}}],"collection":[{"href":"https:\/\/www.muettergegenatomgefahr.at\/index.php?rest_route=\/wp\/v2\/posts"}],"about":[{"href":"https:\/\/www.muettergegenatomgefahr.at\/index.php?rest_route=\/wp\/v2\/types\/post"}],"author":[{"embeddable":true,"href":"https:\/\/www.muettergegenatomgefahr.at\/index.php?rest_route=\/wp\/v2\/users\/2"}],"replies":[{"embeddable":true,"href":"https:\/\/www.muettergegenatomgefahr.at\/index.php?rest_route=%2Fwp%2Fv2%2Fcomments&post=1356"}],"version-history":[{"count":3,"href":"https:\/\/www.muettergegenatomgefahr.at\/index.php?rest_route=\/wp\/v2\/posts\/1356\/revisions"}],"predecessor-version":[{"id":1359,"href":"https:\/\/www.muettergegenatomgefahr.at\/index.php?rest_route=\/wp\/v2\/posts\/1356\/revisions\/1359"}],"wp:attachment":[{"href":"https:\/\/www.muettergegenatomgefahr.at\/index.php?rest_route=%2Fwp%2Fv2%2Fmedia&parent=1356"}],"wp:term":[{"taxonomy":"category","embeddable":true,"href":"https:\/\/www.muettergegenatomgefahr.at\/index.php?rest_route=%2Fwp%2Fv2%2Fcategories&post=1356"},{"taxonomy":"post_tag","embeddable":true,"href":"https:\/\/www.muettergegenatomgefahr.at\/index.php?rest_route=%2Fwp%2Fv2%2Ftags&post=1356"}],"curies":[{"name":"wp","href":"https:\/\/api.w.org\/{rel}","templated":true}]}}